{"id":965,"date":"2015-10-26T22:44:58","date_gmt":"2015-10-26T22:44:58","guid":{"rendered":"http:\/\/anomaltribu.com\/etincelle\/?p=965"},"modified":"2015-10-26T22:57:14","modified_gmt":"2015-10-26T22:57:14","slug":"histoires-de-vibrations-quand-racontent-nos-tremblements-de-corps","status":"publish","type":"post","link":"http:\/\/anomaltribu.com\/etincelle\/2015\/10\/26\/histoires-de-vibrations-quand-racontent-nos-tremblements-de-corps\/","title":{"rendered":"\u00ab Histoires de vibrations. Quand racontent nos tremblements de corps \u00bb"},"content":{"rendered":"<h4><span style=\"color: #b51200;\">\u00ab Histoires de vibrations. Quand racontent nos tremblements de corps \u00bb<\/span><\/h4>\n<p><strong>Par Athane Adrahane \u2013 Vendredi 4 d\u00e9cembre 2015<\/strong><br \/>\n<strong>Accueil 19h \u2013 conf\u00e9rence 20h<\/strong><\/p>\n<p align=\"JUSTIFY\">En cette nuit de d\u00e9cembre, seront cont\u00e9es en langue philosophique et musicale, avec les mots du vent, des montagnes, des chiens de feu et enfants en qu\u00eate d\u2019un alphabet sacr\u00e9, les histoires de ces vibrations qui font parler, danser et chanter, mais aussi de celles qui font entrave \u00e0 la vie des terres de cr\u00e9ation. En cette nuit de d\u00e9rapage des vocables sera aussi pr\u00e9sent\u00e9, \u00e0 titre d\u2019oasis, \u00ab Tr\u00e9mor \u00bb, un recueil de po\u00e9sie o\u00f9 la langue oeuvre pour une lib\u00e9ration viable des puissances dormantes.<\/p>\n<h5><span style=\"color: #008391;\">Informations Pratiques<\/span><\/h5>\n<p><strong>Lieu :<\/strong> Centre Culturel Omar Khayam, 45 avenue des armures, 1190 Bruxelles.<br \/>\n<strong>Transports :<\/strong> Tram 51 \u2013 Bus 48 et 54 (arr\u00eat Altitude 100 et Duden) \u00e0 proximit\u00e9 de la station Albert.<br \/>\n<strong>R\u00e9servations<\/strong>: info@ccok.be \u2013 Tel: 02\/513.20.43<br \/>\n<strong>P.A.F :<\/strong> 8\u20ac \u2013 5\u20ac \u00e9tudiant\/ch\u00f4meur (buffet compris)<\/p>\n<p>&nbsp;<\/p>\n","protected":false},"excerpt":{"rendered":"<p>\u00ab Histoires de vibrations. Quand racontent nos tremblements de corps \u00bb Par Athane Adrahane \u2013 Vendredi 4 d\u00e9cembre 2015 Accueil 19h \u2013 conf\u00e9rence 20h En cette nuit de d\u00e9cembre, seront cont\u00e9es en langue philosophique et musicale, avec les mots du &hellip; <a href=\"http:\/\/anomaltribu.com\/etincelle\/2015\/10\/26\/histoires-de-vibrations-quand-racontent-nos-tremblements-de-corps\/\">Continue reading <span class=\"meta-nav\">&rarr;<\/span><\/a><\/p>\n","protected":false},"author":1,"featured_media":0,"comment_status":"open","ping_status":"open","sticky":false,"template":"","format":"standard","meta":{"spay_email":""},"categories":[11],"tags":[],"yoast_head":"<!-- This site is optimized with the Yoast SEO plugin v16.0.2 - https:\/\/yoast.com\/wordpress\/plugins\/seo\/ -->\n<link rel=\"canonical\" href=\"http:\/\/anomaltribu.com\/etincelle\/2015\/10\/26\/histoires-de-vibrations-quand-racontent-nos-tremblements-de-corps\/\" \/>\n<meta property=\"og:locale\" content=\"en_US\" \/>\n<meta property=\"og:type\" content=\"article\" \/>\n<meta property=\"og:title\" content=\"\u00ab Histoires de vibrations. Quand racontent nos tremblements de corps \u00bb - L&#039;\u00e9tincelle\" \/>\n<meta property=\"og:description\" content=\"\u00ab Histoires de vibrations. Quand racontent nos tremblements de corps \u00bb Par Athane Adrahane \u2013 Vendredi 4 d\u00e9cembre 2015 Accueil 19h \u2013 conf\u00e9rence 20h En cette nuit de d\u00e9cembre, seront cont\u00e9es en langue philosophique et musicale, avec les mots du &hellip; Continue reading &rarr;\" \/>\n<meta property=\"og:url\" content=\"http:\/\/anomaltribu.com\/etincelle\/2015\/10\/26\/histoires-de-vibrations-quand-racontent-nos-tremblements-de-corps\/\" \/>\n<meta property=\"og:site_name\" content=\"L&#039;\u00e9tincelle\" \/>\n<meta property=\"article:publisher\" content=\"https:\/\/www.facebook.com\/athaneadrahane\/\" \/>\n<meta property=\"article:published_time\" content=\"2015-10-26T22:44:58+00:00\" \/>\n<meta property=\"article:modified_time\" content=\"2015-10-26T22:57:14+00:00\" \/>\n<meta name=\"twitter:card\" content=\"summary_large_image\" \/>\n<meta name=\"twitter:label1\" content=\"Est. reading time\">\n\t<meta name=\"twitter:data1\" content=\"1 minute\">\n<script type=\"application\/ld+json\" class=\"yoast-schema-graph\">{\"@context\":\"https:\/\/schema.org\",\"@graph\":[{\"@type\":\"WebSite\",\"@id\":\"http:\/\/anomaltribu.com\/etincelle\/#website\",\"url\":\"http:\/\/anomaltribu.com\/etincelle\/\",\"name\":\"L&#039;\\u00e9tincelle\",\"description\":\"Le Journal de bord d&#039;Anomal Tribu\",\"potentialAction\":[{\"@type\":\"SearchAction\",\"target\":\"http:\/\/anomaltribu.com\/etincelle\/?s={search_term_string}\",\"query-input\":\"required name=search_term_string\"}],\"inLanguage\":\"en-US\"},{\"@type\":\"WebPage\",\"@id\":\"http:\/\/anomaltribu.com\/etincelle\/2015\/10\/26\/histoires-de-vibrations-quand-racontent-nos-tremblements-de-corps\/#webpage\",\"url\":\"http:\/\/anomaltribu.com\/etincelle\/2015\/10\/26\/histoires-de-vibrations-quand-racontent-nos-tremblements-de-corps\/\",\"name\":\"\\u00ab Histoires de vibrations. Quand racontent nos tremblements de corps \\u00bb - L&#039;\\u00e9tincelle\",\"isPartOf\":{\"@id\":\"http:\/\/anomaltribu.com\/etincelle\/#website\"},\"datePublished\":\"2015-10-26T22:44:58+00:00\",\"dateModified\":\"2015-10-26T22:57:14+00:00\",\"author\":{\"@id\":\"http:\/\/anomaltribu.com\/etincelle\/#\/schema\/person\/3bbd93e0475cdfbd1065570dec02dc8c\"},\"breadcrumb\":{\"@id\":\"http:\/\/anomaltribu.com\/etincelle\/2015\/10\/26\/histoires-de-vibrations-quand-racontent-nos-tremblements-de-corps\/#breadcrumb\"},\"inLanguage\":\"en-US\",\"potentialAction\":[{\"@type\":\"ReadAction\",\"target\":[\"http:\/\/anomaltribu.com\/etincelle\/2015\/10\/26\/histoires-de-vibrations-quand-racontent-nos-tremblements-de-corps\/\"]}]},{\"@type\":\"BreadcrumbList\",\"@id\":\"http:\/\/anomaltribu.com\/etincelle\/2015\/10\/26\/histoires-de-vibrations-quand-racontent-nos-tremblements-de-corps\/#breadcrumb\",\"itemListElement\":[{\"@type\":\"ListItem\",\"position\":1,\"item\":{\"@type\":\"WebPage\",\"@id\":\"http:\/\/anomaltribu.com\/etincelle\/\",\"url\":\"http:\/\/anomaltribu.com\/etincelle\/\",\"name\":\"Home\"}},{\"@type\":\"ListItem\",\"position\":2,\"item\":{\"@type\":\"WebPage\",\"@id\":\"http:\/\/anomaltribu.com\/etincelle\/2015\/10\/26\/histoires-de-vibrations-quand-racontent-nos-tremblements-de-corps\/\",\"url\":\"http:\/\/anomaltribu.com\/etincelle\/2015\/10\/26\/histoires-de-vibrations-quand-racontent-nos-tremblements-de-corps\/\",\"name\":\"\\u00ab Histoires de vibrations. Quand racontent nos tremblements de corps \\u00bb\"}}]},{\"@type\":\"Person\",\"@id\":\"http:\/\/anomaltribu.com\/etincelle\/#\/schema\/person\/3bbd93e0475cdfbd1065570dec02dc8c\",\"name\":\"Anomal Tribu\",\"image\":{\"@type\":\"ImageObject\",\"@id\":\"http:\/\/anomaltribu.com\/etincelle\/#personlogo\",\"inLanguage\":\"en-US\",\"url\":\"http:\/\/0.gravatar.com\/avatar\/98a50fa42caed003a6c2af3ad9853bdf?s=96&d=mm&r=g\",\"caption\":\"Anomal Tribu\"}}]}<\/script>\n<!-- \/ Yoast SEO plugin. -->","jetpack_featured_media_url":"","jetpack_likes_enabled":true,"jetpack_sharing_enabled":true,"_links":{"self":[{"href":"http:\/\/anomaltribu.com\/etincelle\/wp-json\/wp\/v2\/posts\/965"}],"collection":[{"href":"http:\/\/anomaltribu.com\/etincelle\/wp-json\/wp\/v2\/posts"}],"about":[{"href":"http:\/\/anomaltribu.com\/etincelle\/wp-json\/wp\/v2\/types\/post"}],"author":[{"embeddable":true,"href":"http:\/\/anomaltribu.com\/etincelle\/wp-json\/wp\/v2\/users\/1"}],"replies":[{"embeddable":true,"href":"http:\/\/anomaltribu.com\/etincelle\/wp-json\/wp\/v2\/comments?post=965"}],"version-history":[{"count":3,"href":"http:\/\/anomaltribu.com\/etincelle\/wp-json\/wp\/v2\/posts\/965\/revisions"}],"predecessor-version":[{"id":969,"href":"http:\/\/anomaltribu.com\/etincelle\/wp-json\/wp\/v2\/posts\/965\/revisions\/969"}],"wp:attachment":[{"href":"http:\/\/anomaltribu.com\/etincelle\/wp-json\/wp\/v2\/media?parent=965"}],"wp:term":[{"taxonomy":"category","embeddable":true,"href":"http:\/\/anomaltribu.com\/etincelle\/wp-json\/wp\/v2\/categories?post=965"},{"taxonomy":"post_tag","embeddable":true,"href":"http:\/\/anomaltribu.com\/etincelle\/wp-json\/wp\/v2\/tags?post=965"}],"curies":[{"name":"wp","href":"https:\/\/api.w.org\/{rel}","templated":true}]}}