{"id":861,"date":"2014-09-19T15:14:47","date_gmt":"2014-09-19T15:14:47","guid":{"rendered":"http:\/\/anomaltribu.com\/etincelle\/?p=861"},"modified":"2014-09-20T14:00:39","modified_gmt":"2014-09-20T14:00:39","slug":"861","status":"publish","type":"post","link":"http:\/\/anomaltribu.com\/etincelle\/2014\/09\/19\/861\/","title":{"rendered":"L\u00e0 o\u00f9 r\u00e8gne le Chaos des Anges, au Palais des Beaux-Arts de Charleroi le 30\/09\/2014"},"content":{"rendered":"<p><a href=\"http:\/\/anomaltribu.com\/etincelle\/wp-content\/uploads\/2014\/09\/Patshiva-PBA-1.jpg\"><img loading=\"lazy\" class=\"alignnone size-medium wp-image-858 aligncenter\" alt=\"Patshiva PBA-1\" src=\"http:\/\/anomaltribu.com\/etincelle\/wp-content\/uploads\/2014\/09\/Patshiva-PBA-1-300x300.jpg\" width=\"300\" height=\"300\" srcset=\"http:\/\/anomaltribu.com\/etincelle\/wp-content\/uploads\/2014\/09\/Patshiva-PBA-1-300x300.jpg 300w, http:\/\/anomaltribu.com\/etincelle\/wp-content\/uploads\/2014\/09\/Patshiva-PBA-1-150x150.jpg 150w, http:\/\/anomaltribu.com\/etincelle\/wp-content\/uploads\/2014\/09\/Patshiva-PBA-1.jpg 827w\" sizes=\"(max-width: 300px) 100vw, 300px\" \/><\/a><\/p>\n<p>&nbsp;<\/p>\n<p><a href=\"http:\/\/www.patshiva-cie.com\">www.patshiva-cie.com<\/a><\/p>\n","protected":false},"excerpt":{"rendered":"<p>&nbsp; www.patshiva-cie.com<\/p>\n","protected":false},"author":1,"featured_media":0,"comment_status":"open","ping_status":"open","sticky":false,"template":"","format":"standard","meta":{"spay_email":""},"categories":[11],"tags":[],"yoast_head":"<!-- This site is optimized with the Yoast SEO plugin v16.0.2 - https:\/\/yoast.com\/wordpress\/plugins\/seo\/ -->\n<link rel=\"canonical\" href=\"http:\/\/anomaltribu.com\/etincelle\/2014\/09\/19\/861\/\" \/>\n<meta property=\"og:locale\" content=\"en_US\" \/>\n<meta property=\"og:type\" content=\"article\" \/>\n<meta property=\"og:title\" content=\"L\u00e0 o\u00f9 r\u00e8gne le Chaos des Anges, au Palais des Beaux-Arts de Charleroi le 30\/09\/2014 - L&#039;\u00e9tincelle\" \/>\n<meta property=\"og:description\" content=\"&nbsp; www.patshiva-cie.com\" \/>\n<meta property=\"og:url\" content=\"http:\/\/anomaltribu.com\/etincelle\/2014\/09\/19\/861\/\" \/>\n<meta property=\"og:site_name\" content=\"L&#039;\u00e9tincelle\" \/>\n<meta property=\"article:publisher\" content=\"https:\/\/www.facebook.com\/athaneadrahane\/\" \/>\n<meta property=\"article:published_time\" content=\"2014-09-19T15:14:47+00:00\" \/>\n<meta property=\"article:modified_time\" content=\"2014-09-20T14:00:39+00:00\" \/>\n<meta property=\"og:image\" content=\"http:\/\/anomaltribu.com\/etincelle\/wp-content\/uploads\/2014\/09\/Patshiva-PBA-1-300x300.jpg\" \/>\n<meta name=\"twitter:card\" content=\"summary_large_image\" \/>\n<script type=\"application\/ld+json\" class=\"yoast-schema-graph\">{\"@context\":\"https:\/\/schema.org\",\"@graph\":[{\"@type\":\"WebSite\",\"@id\":\"http:\/\/anomaltribu.com\/etincelle\/#website\",\"url\":\"http:\/\/anomaltribu.com\/etincelle\/\",\"name\":\"L&#039;\\u00e9tincelle\",\"description\":\"Le Journal de bord d&#039;Anomal Tribu\",\"potentialAction\":[{\"@type\":\"SearchAction\",\"target\":\"http:\/\/anomaltribu.com\/etincelle\/?s={search_term_string}\",\"query-input\":\"required name=search_term_string\"}],\"inLanguage\":\"en-US\"},{\"@type\":\"ImageObject\",\"@id\":\"http:\/\/anomaltribu.com\/etincelle\/2014\/09\/19\/861\/#primaryimage\",\"inLanguage\":\"en-US\",\"url\":\"http:\/\/anomaltribu.com\/etincelle\/wp-content\/uploads\/2014\/09\/Patshiva-PBA-1.jpg\",\"width\":827,\"height\":827},{\"@type\":\"WebPage\",\"@id\":\"http:\/\/anomaltribu.com\/etincelle\/2014\/09\/19\/861\/#webpage\",\"url\":\"http:\/\/anomaltribu.com\/etincelle\/2014\/09\/19\/861\/\",\"name\":\"L\\u00e0 o\\u00f9 r\\u00e8gne le Chaos des Anges, au Palais des Beaux-Arts de Charleroi le 30\/09\/2014 - L&#039;\\u00e9tincelle\",\"isPartOf\":{\"@id\":\"http:\/\/anomaltribu.com\/etincelle\/#website\"},\"primaryImageOfPage\":{\"@id\":\"http:\/\/anomaltribu.com\/etincelle\/2014\/09\/19\/861\/#primaryimage\"},\"datePublished\":\"2014-09-19T15:14:47+00:00\",\"dateModified\":\"2014-09-20T14:00:39+00:00\",\"author\":{\"@id\":\"http:\/\/anomaltribu.com\/etincelle\/#\/schema\/person\/3bbd93e0475cdfbd1065570dec02dc8c\"},\"breadcrumb\":{\"@id\":\"http:\/\/anomaltribu.com\/etincelle\/2014\/09\/19\/861\/#breadcrumb\"},\"inLanguage\":\"en-US\",\"potentialAction\":[{\"@type\":\"ReadAction\",\"target\":[\"http:\/\/anomaltribu.com\/etincelle\/2014\/09\/19\/861\/\"]}]},{\"@type\":\"BreadcrumbList\",\"@id\":\"http:\/\/anomaltribu.com\/etincelle\/2014\/09\/19\/861\/#breadcrumb\",\"itemListElement\":[{\"@type\":\"ListItem\",\"position\":1,\"item\":{\"@type\":\"WebPage\",\"@id\":\"http:\/\/anomaltribu.com\/etincelle\/\",\"url\":\"http:\/\/anomaltribu.com\/etincelle\/\",\"name\":\"Home\"}},{\"@type\":\"ListItem\",\"position\":2,\"item\":{\"@type\":\"WebPage\",\"@id\":\"http:\/\/anomaltribu.com\/etincelle\/2014\/09\/19\/861\/\",\"url\":\"http:\/\/anomaltribu.com\/etincelle\/2014\/09\/19\/861\/\",\"name\":\"L\\u00e0 o\\u00f9 r\\u00e8gne le Chaos des Anges, au Palais des Beaux-Arts de Charleroi le 30\/09\/2014\"}}]},{\"@type\":\"Person\",\"@id\":\"http:\/\/anomaltribu.com\/etincelle\/#\/schema\/person\/3bbd93e0475cdfbd1065570dec02dc8c\",\"name\":\"Anomal Tribu\",\"image\":{\"@type\":\"ImageObject\",\"@id\":\"http:\/\/anomaltribu.com\/etincelle\/#personlogo\",\"inLanguage\":\"en-US\",\"url\":\"http:\/\/0.gravatar.com\/avatar\/98a50fa42caed003a6c2af3ad9853bdf?s=96&d=mm&r=g\",\"caption\":\"Anomal Tribu\"}}]}<\/script>\n<!-- \/ Yoast SEO plugin. -->","jetpack_featured_media_url":"","jetpack_likes_enabled":true,"jetpack_sharing_enabled":true,"_links":{"self":[{"href":"http:\/\/anomaltribu.com\/etincelle\/wp-json\/wp\/v2\/posts\/861"}],"collection":[{"href":"http:\/\/anomaltribu.com\/etincelle\/wp-json\/wp\/v2\/posts"}],"about":[{"href":"http:\/\/anomaltribu.com\/etincelle\/wp-json\/wp\/v2\/types\/post"}],"author":[{"embeddable":true,"href":"http:\/\/anomaltribu.com\/etincelle\/wp-json\/wp\/v2\/users\/1"}],"replies":[{"embeddable":true,"href":"http:\/\/anomaltribu.com\/etincelle\/wp-json\/wp\/v2\/comments?post=861"}],"version-history":[{"count":8,"href":"http:\/\/anomaltribu.com\/etincelle\/wp-json\/wp\/v2\/posts\/861\/revisions"}],"predecessor-version":[{"id":887,"href":"http:\/\/anomaltribu.com\/etincelle\/wp-json\/wp\/v2\/posts\/861\/revisions\/887"}],"wp:attachment":[{"href":"http:\/\/anomaltribu.com\/etincelle\/wp-json\/wp\/v2\/media?parent=861"}],"wp:term":[{"taxonomy":"category","embeddable":true,"href":"http:\/\/anomaltribu.com\/etincelle\/wp-json\/wp\/v2\/categories?post=861"},{"taxonomy":"post_tag","embeddable":true,"href":"http:\/\/anomaltribu.com\/etincelle\/wp-json\/wp\/v2\/tags?post=861"}],"curies":[{"name":"wp","href":"https:\/\/api.w.org\/{rel}","templated":true}]}}