{"id":805,"date":"2014-05-04T20:52:18","date_gmt":"2014-05-04T20:52:18","guid":{"rendered":"http:\/\/anomaltribu.com\/etincelle\/?p=805"},"modified":"2014-05-04T20:55:20","modified_gmt":"2014-05-04T20:55:20","slug":"le-periodique-du-cercle-litteraire-hainuyer-clair-de-luth-accueille-larticle-de-guillaume-sens-deterre-a-propos-du-livre-de-sylvia-debecker-au-commencement-etait-la-mort","status":"publish","type":"post","link":"http:\/\/anomaltribu.com\/etincelle\/2014\/05\/04\/le-periodique-du-cercle-litteraire-hainuyer-clair-de-luth-accueille-larticle-de-guillaume-sens-deterre-a-propos-du-livre-de-sylvia-debecker-au-commencement-etait-la-mort\/","title":{"rendered":"Le p\u00e9riodique du Cercle Litt\u00e9raire Hainuyer &#8220;Clair de Luth&#8221; accueille l&#8217;article de Guillaume Sens Deterre  \u00e0 propos du livre de Sylvia Debecker &#8220;Au commencement \u00e9tait la mort&#8221;"},"content":{"rendered":"<p><a href=\"http:\/\/anomaltribu.com\/etincelle\/wp-content\/uploads\/2014\/05\/Aura-n\u00b080-1.jpg\"><img loading=\"lazy\" class=\"alignnone size-medium wp-image-806\" alt=\"Aura n\u00b080 --1\" src=\"http:\/\/anomaltribu.com\/etincelle\/wp-content\/uploads\/2014\/05\/Aura-n\u00b080-1-213x300.jpg\" width=\"213\" height=\"300\" srcset=\"http:\/\/anomaltribu.com\/etincelle\/wp-content\/uploads\/2014\/05\/Aura-n\u00b080-1-213x300.jpg 213w, http:\/\/anomaltribu.com\/etincelle\/wp-content\/uploads\/2014\/05\/Aura-n\u00b080-1-727x1024.jpg 727w, http:\/\/anomaltribu.com\/etincelle\/wp-content\/uploads\/2014\/05\/Aura-n\u00b080-1.jpg 1751w\" sizes=\"(max-width: 213px) 100vw, 213px\" \/><\/a><\/p>\n","protected":false},"excerpt":{"rendered":"","protected":false},"author":1,"featured_media":0,"comment_status":"open","ping_status":"open","sticky":false,"template":"","format":"standard","meta":{"spay_email":""},"categories":[11],"tags":[],"yoast_head":"<!-- This site is optimized with the Yoast SEO plugin v16.0.2 - https:\/\/yoast.com\/wordpress\/plugins\/seo\/ -->\n<link rel=\"canonical\" href=\"http:\/\/anomaltribu.com\/etincelle\/2014\/05\/04\/le-periodique-du-cercle-litteraire-hainuyer-clair-de-luth-accueille-larticle-de-guillaume-sens-deterre-a-propos-du-livre-de-sylvia-debecker-au-commencement-etait-la-mort\/\" \/>\n<meta property=\"og:locale\" content=\"en_US\" \/>\n<meta property=\"og:type\" content=\"article\" \/>\n<meta property=\"og:title\" content=\"Le p\u00e9riodique du Cercle Litt\u00e9raire Hainuyer &quot;Clair de Luth&quot; accueille l&#039;article de Guillaume Sens Deterre \u00e0 propos du livre de Sylvia Debecker &quot;Au commencement \u00e9tait la mort&quot; - L&#039;\u00e9tincelle\" \/>\n<meta property=\"og:url\" content=\"http:\/\/anomaltribu.com\/etincelle\/2014\/05\/04\/le-periodique-du-cercle-litteraire-hainuyer-clair-de-luth-accueille-larticle-de-guillaume-sens-deterre-a-propos-du-livre-de-sylvia-debecker-au-commencement-etait-la-mort\/\" \/>\n<meta property=\"og:site_name\" content=\"L&#039;\u00e9tincelle\" \/>\n<meta property=\"article:publisher\" content=\"https:\/\/www.facebook.com\/athaneadrahane\/\" \/>\n<meta property=\"article:published_time\" content=\"2014-05-04T20:52:18+00:00\" \/>\n<meta property=\"article:modified_time\" content=\"2014-05-04T20:55:20+00:00\" \/>\n<meta property=\"og:image\" content=\"http:\/\/anomaltribu.com\/etincelle\/wp-content\/uploads\/2014\/05\/Aura-n\u00b080-1-213x300.jpg\" \/>\n<meta name=\"twitter:card\" content=\"summary_large_image\" \/>\n<script type=\"application\/ld+json\" class=\"yoast-schema-graph\">{\"@context\":\"https:\/\/schema.org\",\"@graph\":[{\"@type\":\"WebSite\",\"@id\":\"http:\/\/anomaltribu.com\/etincelle\/#website\",\"url\":\"http:\/\/anomaltribu.com\/etincelle\/\",\"name\":\"L&#039;\\u00e9tincelle\",\"description\":\"Le Journal de bord d&#039;Anomal Tribu\",\"potentialAction\":[{\"@type\":\"SearchAction\",\"target\":\"http:\/\/anomaltribu.com\/etincelle\/?s={search_term_string}\",\"query-input\":\"required name=search_term_string\"}],\"inLanguage\":\"en-US\"},{\"@type\":\"ImageObject\",\"@id\":\"http:\/\/anomaltribu.com\/etincelle\/2014\/05\/04\/le-periodique-du-cercle-litteraire-hainuyer-clair-de-luth-accueille-larticle-de-guillaume-sens-deterre-a-propos-du-livre-de-sylvia-debecker-au-commencement-etait-la-mort\/#primaryimage\",\"inLanguage\":\"en-US\",\"url\":\"http:\/\/anomaltribu.com\/etincelle\/wp-content\/uploads\/2014\/05\/Aura-n\\u00b080-1.jpg\",\"width\":1751,\"height\":2464},{\"@type\":\"WebPage\",\"@id\":\"http:\/\/anomaltribu.com\/etincelle\/2014\/05\/04\/le-periodique-du-cercle-litteraire-hainuyer-clair-de-luth-accueille-larticle-de-guillaume-sens-deterre-a-propos-du-livre-de-sylvia-debecker-au-commencement-etait-la-mort\/#webpage\",\"url\":\"http:\/\/anomaltribu.com\/etincelle\/2014\/05\/04\/le-periodique-du-cercle-litteraire-hainuyer-clair-de-luth-accueille-larticle-de-guillaume-sens-deterre-a-propos-du-livre-de-sylvia-debecker-au-commencement-etait-la-mort\/\",\"name\":\"Le p\\u00e9riodique du Cercle Litt\\u00e9raire Hainuyer \\\"Clair de Luth\\\" accueille l'article de Guillaume Sens Deterre \\u00e0 propos du livre de Sylvia Debecker \\\"Au commencement \\u00e9tait la mort\\\" - L&#039;\\u00e9tincelle\",\"isPartOf\":{\"@id\":\"http:\/\/anomaltribu.com\/etincelle\/#website\"},\"primaryImageOfPage\":{\"@id\":\"http:\/\/anomaltribu.com\/etincelle\/2014\/05\/04\/le-periodique-du-cercle-litteraire-hainuyer-clair-de-luth-accueille-larticle-de-guillaume-sens-deterre-a-propos-du-livre-de-sylvia-debecker-au-commencement-etait-la-mort\/#primaryimage\"},\"datePublished\":\"2014-05-04T20:52:18+00:00\",\"dateModified\":\"2014-05-04T20:55:20+00:00\",\"author\":{\"@id\":\"http:\/\/anomaltribu.com\/etincelle\/#\/schema\/person\/3bbd93e0475cdfbd1065570dec02dc8c\"},\"breadcrumb\":{\"@id\":\"http:\/\/anomaltribu.com\/etincelle\/2014\/05\/04\/le-periodique-du-cercle-litteraire-hainuyer-clair-de-luth-accueille-larticle-de-guillaume-sens-deterre-a-propos-du-livre-de-sylvia-debecker-au-commencement-etait-la-mort\/#breadcrumb\"},\"inLanguage\":\"en-US\",\"potentialAction\":[{\"@type\":\"ReadAction\",\"target\":[\"http:\/\/anomaltribu.com\/etincelle\/2014\/05\/04\/le-periodique-du-cercle-litteraire-hainuyer-clair-de-luth-accueille-larticle-de-guillaume-sens-deterre-a-propos-du-livre-de-sylvia-debecker-au-commencement-etait-la-mort\/\"]}]},{\"@type\":\"BreadcrumbList\",\"@id\":\"http:\/\/anomaltribu.com\/etincelle\/2014\/05\/04\/le-periodique-du-cercle-litteraire-hainuyer-clair-de-luth-accueille-larticle-de-guillaume-sens-deterre-a-propos-du-livre-de-sylvia-debecker-au-commencement-etait-la-mort\/#breadcrumb\",\"itemListElement\":[{\"@type\":\"ListItem\",\"position\":1,\"item\":{\"@type\":\"WebPage\",\"@id\":\"http:\/\/anomaltribu.com\/etincelle\/\",\"url\":\"http:\/\/anomaltribu.com\/etincelle\/\",\"name\":\"Home\"}},{\"@type\":\"ListItem\",\"position\":2,\"item\":{\"@type\":\"WebPage\",\"@id\":\"http:\/\/anomaltribu.com\/etincelle\/2014\/05\/04\/le-periodique-du-cercle-litteraire-hainuyer-clair-de-luth-accueille-larticle-de-guillaume-sens-deterre-a-propos-du-livre-de-sylvia-debecker-au-commencement-etait-la-mort\/\",\"url\":\"http:\/\/anomaltribu.com\/etincelle\/2014\/05\/04\/le-periodique-du-cercle-litteraire-hainuyer-clair-de-luth-accueille-larticle-de-guillaume-sens-deterre-a-propos-du-livre-de-sylvia-debecker-au-commencement-etait-la-mort\/\",\"name\":\"Le p\\u00e9riodique du Cercle Litt\\u00e9raire Hainuyer &#8220;Clair de Luth&#8221; accueille l&#8217;article de Guillaume Sens Deterre \\u00e0 propos du livre de Sylvia Debecker &#8220;Au commencement \\u00e9tait la mort&#8221;\"}}]},{\"@type\":\"Person\",\"@id\":\"http:\/\/anomaltribu.com\/etincelle\/#\/schema\/person\/3bbd93e0475cdfbd1065570dec02dc8c\",\"name\":\"Anomal Tribu\",\"image\":{\"@type\":\"ImageObject\",\"@id\":\"http:\/\/anomaltribu.com\/etincelle\/#personlogo\",\"inLanguage\":\"en-US\",\"url\":\"http:\/\/0.gravatar.com\/avatar\/98a50fa42caed003a6c2af3ad9853bdf?s=96&d=mm&r=g\",\"caption\":\"Anomal Tribu\"}}]}<\/script>\n<!-- \/ Yoast SEO plugin. -->","jetpack_featured_media_url":"","jetpack_likes_enabled":true,"jetpack_sharing_enabled":true,"_links":{"self":[{"href":"http:\/\/anomaltribu.com\/etincelle\/wp-json\/wp\/v2\/posts\/805"}],"collection":[{"href":"http:\/\/anomaltribu.com\/etincelle\/wp-json\/wp\/v2\/posts"}],"about":[{"href":"http:\/\/anomaltribu.com\/etincelle\/wp-json\/wp\/v2\/types\/post"}],"author":[{"embeddable":true,"href":"http:\/\/anomaltribu.com\/etincelle\/wp-json\/wp\/v2\/users\/1"}],"replies":[{"embeddable":true,"href":"http:\/\/anomaltribu.com\/etincelle\/wp-json\/wp\/v2\/comments?post=805"}],"version-history":[{"count":5,"href":"http:\/\/anomaltribu.com\/etincelle\/wp-json\/wp\/v2\/posts\/805\/revisions"}],"predecessor-version":[{"id":810,"href":"http:\/\/anomaltribu.com\/etincelle\/wp-json\/wp\/v2\/posts\/805\/revisions\/810"}],"wp:attachment":[{"href":"http:\/\/anomaltribu.com\/etincelle\/wp-json\/wp\/v2\/media?parent=805"}],"wp:term":[{"taxonomy":"category","embeddable":true,"href":"http:\/\/anomaltribu.com\/etincelle\/wp-json\/wp\/v2\/categories?post=805"},{"taxonomy":"post_tag","embeddable":true,"href":"http:\/\/anomaltribu.com\/etincelle\/wp-json\/wp\/v2\/tags?post=805"}],"curies":[{"name":"wp","href":"https:\/\/api.w.org\/{rel}","templated":true}]}}