{"id":587,"date":"2013-10-12T18:50:15","date_gmt":"2013-10-12T18:50:15","guid":{"rendered":"http:\/\/anomaltribu.com\/etincelle\/?p=587"},"modified":"2013-10-14T18:45:25","modified_gmt":"2013-10-14T18:45:25","slug":"le-numero-78-de-la-revue-aura-accueille-voyage-a-travers-les-ages-un-poeme-dathane-adrahane","status":"publish","type":"post","link":"http:\/\/anomaltribu.com\/etincelle\/2013\/10\/12\/le-numero-78-de-la-revue-aura-accueille-voyage-a-travers-les-ages-un-poeme-dathane-adrahane\/","title":{"rendered":"Le num\u00e9ro 78 de la revue &#8220;Aura&#8221; accueille &#8220;Voyage \u00e0 travers les \u00e2ges&#8221; un po\u00e8me d&#8217;Athane Adrahane"},"content":{"rendered":"<p><a href=\"http:\/\/anomaltribu.com\/etincelle\/wp-content\/uploads\/2013\/10\/Aura-4a.jpeg\"><img loading=\"lazy\" class=\"alignnone size-medium wp-image-589\" alt=\"Aura 4a\" src=\"http:\/\/anomaltribu.com\/etincelle\/wp-content\/uploads\/2013\/10\/Aura-4a-205x300.jpeg\" width=\"205\" height=\"300\" srcset=\"http:\/\/anomaltribu.com\/etincelle\/wp-content\/uploads\/2013\/10\/Aura-4a-205x300.jpeg 205w, http:\/\/anomaltribu.com\/etincelle\/wp-content\/uploads\/2013\/10\/Aura-4a-702x1024.jpeg 702w, http:\/\/anomaltribu.com\/etincelle\/wp-content\/uploads\/2013\/10\/Aura-4a.jpeg 1138w\" sizes=\"(max-width: 205px) 100vw, 205px\" \/><\/a><\/p>\n<p>&nbsp;<\/p>\n<p><a href=\"http:\/\/www.clairdeluth.be\/\" target=\"_blank\" rel=\"nofollow nofollow\">www.clairdeluth.be<\/a><\/p>\n<p>&nbsp;<\/p>\n","protected":false},"excerpt":{"rendered":"<p>&nbsp; www.clairdeluth.be &nbsp;<\/p>\n","protected":false},"author":1,"featured_media":0,"comment_status":"open","ping_status":"open","sticky":false,"template":"","format":"standard","meta":{"spay_email":""},"categories":[11],"tags":[],"yoast_head":"<!-- This site is optimized with the Yoast SEO plugin v16.0.2 - https:\/\/yoast.com\/wordpress\/plugins\/seo\/ -->\n<link rel=\"canonical\" href=\"http:\/\/anomaltribu.com\/etincelle\/2013\/10\/12\/le-numero-78-de-la-revue-aura-accueille-voyage-a-travers-les-ages-un-poeme-dathane-adrahane\/\" \/>\n<meta property=\"og:locale\" content=\"en_US\" \/>\n<meta property=\"og:type\" content=\"article\" \/>\n<meta property=\"og:title\" content=\"Le num\u00e9ro 78 de la revue &quot;Aura&quot; accueille &quot;Voyage \u00e0 travers les \u00e2ges&quot; un po\u00e8me d&#039;Athane Adrahane - L&#039;\u00e9tincelle\" \/>\n<meta property=\"og:description\" content=\"&nbsp; www.clairdeluth.be &nbsp;\" \/>\n<meta property=\"og:url\" content=\"http:\/\/anomaltribu.com\/etincelle\/2013\/10\/12\/le-numero-78-de-la-revue-aura-accueille-voyage-a-travers-les-ages-un-poeme-dathane-adrahane\/\" \/>\n<meta property=\"og:site_name\" content=\"L&#039;\u00e9tincelle\" \/>\n<meta property=\"article:publisher\" content=\"https:\/\/www.facebook.com\/athaneadrahane\/\" \/>\n<meta property=\"article:published_time\" content=\"2013-10-12T18:50:15+00:00\" \/>\n<meta property=\"article:modified_time\" content=\"2013-10-14T18:45:25+00:00\" \/>\n<meta property=\"og:image\" content=\"http:\/\/anomaltribu.com\/etincelle\/wp-content\/uploads\/2013\/10\/Aura-4a-205x300.jpeg\" \/>\n<meta name=\"twitter:card\" content=\"summary_large_image\" \/>\n<script type=\"application\/ld+json\" class=\"yoast-schema-graph\">{\"@context\":\"https:\/\/schema.org\",\"@graph\":[{\"@type\":\"WebSite\",\"@id\":\"http:\/\/anomaltribu.com\/etincelle\/#website\",\"url\":\"http:\/\/anomaltribu.com\/etincelle\/\",\"name\":\"L&#039;\\u00e9tincelle\",\"description\":\"Le Journal de bord d&#039;Anomal Tribu\",\"potentialAction\":[{\"@type\":\"SearchAction\",\"target\":\"http:\/\/anomaltribu.com\/etincelle\/?s={search_term_string}\",\"query-input\":\"required name=search_term_string\"}],\"inLanguage\":\"en-US\"},{\"@type\":\"ImageObject\",\"@id\":\"http:\/\/anomaltribu.com\/etincelle\/2013\/10\/12\/le-numero-78-de-la-revue-aura-accueille-voyage-a-travers-les-ages-un-poeme-dathane-adrahane\/#primaryimage\",\"inLanguage\":\"en-US\",\"url\":\"http:\/\/anomaltribu.com\/etincelle\/wp-content\/uploads\/2013\/10\/Aura-4a.jpeg\",\"width\":1138,\"height\":1659},{\"@type\":\"WebPage\",\"@id\":\"http:\/\/anomaltribu.com\/etincelle\/2013\/10\/12\/le-numero-78-de-la-revue-aura-accueille-voyage-a-travers-les-ages-un-poeme-dathane-adrahane\/#webpage\",\"url\":\"http:\/\/anomaltribu.com\/etincelle\/2013\/10\/12\/le-numero-78-de-la-revue-aura-accueille-voyage-a-travers-les-ages-un-poeme-dathane-adrahane\/\",\"name\":\"Le num\\u00e9ro 78 de la revue \\\"Aura\\\" accueille \\\"Voyage \\u00e0 travers les \\u00e2ges\\\" un po\\u00e8me d'Athane Adrahane - L&#039;\\u00e9tincelle\",\"isPartOf\":{\"@id\":\"http:\/\/anomaltribu.com\/etincelle\/#website\"},\"primaryImageOfPage\":{\"@id\":\"http:\/\/anomaltribu.com\/etincelle\/2013\/10\/12\/le-numero-78-de-la-revue-aura-accueille-voyage-a-travers-les-ages-un-poeme-dathane-adrahane\/#primaryimage\"},\"datePublished\":\"2013-10-12T18:50:15+00:00\",\"dateModified\":\"2013-10-14T18:45:25+00:00\",\"author\":{\"@id\":\"http:\/\/anomaltribu.com\/etincelle\/#\/schema\/person\/3bbd93e0475cdfbd1065570dec02dc8c\"},\"breadcrumb\":{\"@id\":\"http:\/\/anomaltribu.com\/etincelle\/2013\/10\/12\/le-numero-78-de-la-revue-aura-accueille-voyage-a-travers-les-ages-un-poeme-dathane-adrahane\/#breadcrumb\"},\"inLanguage\":\"en-US\",\"potentialAction\":[{\"@type\":\"ReadAction\",\"target\":[\"http:\/\/anomaltribu.com\/etincelle\/2013\/10\/12\/le-numero-78-de-la-revue-aura-accueille-voyage-a-travers-les-ages-un-poeme-dathane-adrahane\/\"]}]},{\"@type\":\"BreadcrumbList\",\"@id\":\"http:\/\/anomaltribu.com\/etincelle\/2013\/10\/12\/le-numero-78-de-la-revue-aura-accueille-voyage-a-travers-les-ages-un-poeme-dathane-adrahane\/#breadcrumb\",\"itemListElement\":[{\"@type\":\"ListItem\",\"position\":1,\"item\":{\"@type\":\"WebPage\",\"@id\":\"http:\/\/anomaltribu.com\/etincelle\/\",\"url\":\"http:\/\/anomaltribu.com\/etincelle\/\",\"name\":\"Home\"}},{\"@type\":\"ListItem\",\"position\":2,\"item\":{\"@type\":\"WebPage\",\"@id\":\"http:\/\/anomaltribu.com\/etincelle\/2013\/10\/12\/le-numero-78-de-la-revue-aura-accueille-voyage-a-travers-les-ages-un-poeme-dathane-adrahane\/\",\"url\":\"http:\/\/anomaltribu.com\/etincelle\/2013\/10\/12\/le-numero-78-de-la-revue-aura-accueille-voyage-a-travers-les-ages-un-poeme-dathane-adrahane\/\",\"name\":\"Le num\\u00e9ro 78 de la revue &#8220;Aura&#8221; accueille &#8220;Voyage \\u00e0 travers les \\u00e2ges&#8221; un po\\u00e8me d&#8217;Athane Adrahane\"}}]},{\"@type\":\"Person\",\"@id\":\"http:\/\/anomaltribu.com\/etincelle\/#\/schema\/person\/3bbd93e0475cdfbd1065570dec02dc8c\",\"name\":\"Anomal Tribu\",\"image\":{\"@type\":\"ImageObject\",\"@id\":\"http:\/\/anomaltribu.com\/etincelle\/#personlogo\",\"inLanguage\":\"en-US\",\"url\":\"http:\/\/0.gravatar.com\/avatar\/98a50fa42caed003a6c2af3ad9853bdf?s=96&d=mm&r=g\",\"caption\":\"Anomal Tribu\"}}]}<\/script>\n<!-- \/ Yoast SEO plugin. -->","jetpack_featured_media_url":"","jetpack_likes_enabled":true,"jetpack_sharing_enabled":true,"_links":{"self":[{"href":"http:\/\/anomaltribu.com\/etincelle\/wp-json\/wp\/v2\/posts\/587"}],"collection":[{"href":"http:\/\/anomaltribu.com\/etincelle\/wp-json\/wp\/v2\/posts"}],"about":[{"href":"http:\/\/anomaltribu.com\/etincelle\/wp-json\/wp\/v2\/types\/post"}],"author":[{"embeddable":true,"href":"http:\/\/anomaltribu.com\/etincelle\/wp-json\/wp\/v2\/users\/1"}],"replies":[{"embeddable":true,"href":"http:\/\/anomaltribu.com\/etincelle\/wp-json\/wp\/v2\/comments?post=587"}],"version-history":[{"count":3,"href":"http:\/\/anomaltribu.com\/etincelle\/wp-json\/wp\/v2\/posts\/587\/revisions"}],"predecessor-version":[{"id":597,"href":"http:\/\/anomaltribu.com\/etincelle\/wp-json\/wp\/v2\/posts\/587\/revisions\/597"}],"wp:attachment":[{"href":"http:\/\/anomaltribu.com\/etincelle\/wp-json\/wp\/v2\/media?parent=587"}],"wp:term":[{"taxonomy":"category","embeddable":true,"href":"http:\/\/anomaltribu.com\/etincelle\/wp-json\/wp\/v2\/categories?post=587"},{"taxonomy":"post_tag","embeddable":true,"href":"http:\/\/anomaltribu.com\/etincelle\/wp-json\/wp\/v2\/tags?post=587"}],"curies":[{"name":"wp","href":"https:\/\/api.w.org\/{rel}","templated":true}]}}