{"id":58,"date":"2003-09-10T15:32:32","date_gmt":"2003-09-10T15:32:32","guid":{"rendered":"http:\/\/anomaltribu.com\/etincelles\/?p=58"},"modified":"2013-04-13T21:43:33","modified_gmt":"2013-04-13T21:43:33","slug":"parution-de-la-conscience-magique-aux-editions-substance","status":"publish","type":"post","link":"http:\/\/anomaltribu.com\/etincelle\/2003\/09\/10\/parution-de-la-conscience-magique-aux-editions-substance\/","title":{"rendered":"Parution de &#8220;La conscience magique&#8221; aux Editions Substance"},"content":{"rendered":"<p>&nbsp;<\/p>\n<p style=\"text-align: center;\"><a href=\"http:\/\/anomaltribu.com\/etincelle\/wp-content\/uploads\/2011\/02\/La-conscience-magique.jpg\"><img loading=\"lazy\" width=\"202\" height=\"300\" class=\"alignnone  wp-image-97 aligncenter\" alt=\"La conscience magique\" src=\"http:\/\/anomaltribu.com\/etincelle\/wp-content\/uploads\/2011\/02\/La-conscience-magique-202x300.jpg\" srcset=\"http:\/\/anomaltribu.com\/etincelle\/wp-content\/uploads\/2011\/02\/La-conscience-magique-202x300.jpg 202w, http:\/\/anomaltribu.com\/etincelle\/wp-content\/uploads\/2011\/02\/La-conscience-magique.jpg 462w\" sizes=\"(max-width: 202px) 100vw, 202px\" \/><\/a><\/p>\n<p>Apr\u00e8s 79 lunes d&#8217;odyss\u00e9e dans les entrailles de la cr\u00e9ation, le livre &#8220;La conscience magique&#8221; d&#8217;Athane Adrahane est enfin disponible et pr\u00eat \u00e0 \u00e9rupter dans les antres des explorateurs de la pens\u00e9e. Procurez-le vous d\u00e8s maintenant en librairie ou sur notre site <a href=\"http:\/\/www.anomaltribu.com\/page\/la-boutique-CM.html\" target=\"_blank\">en cliquant ici<\/a><\/p>\n<p><a href=\"http:\/\/anomaltribu.com\/etincelle\/wp-content\/uploads\/2003\/09\/A.A.G.Sens_.jpg\"><img loading=\"lazy\" class=\"alignnone  wp-image-328 aligncenter\" alt=\"A.A.G.Sens\" src=\"http:\/\/anomaltribu.com\/etincelle\/wp-content\/uploads\/2003\/09\/A.A.G.Sens_-300x230.jpg\" width=\"194\" height=\"149\" srcset=\"http:\/\/anomaltribu.com\/etincelle\/wp-content\/uploads\/2003\/09\/A.A.G.Sens_-300x230.jpg 300w, http:\/\/anomaltribu.com\/etincelle\/wp-content\/uploads\/2003\/09\/A.A.G.Sens_-390x300.jpg 390w, http:\/\/anomaltribu.com\/etincelle\/wp-content\/uploads\/2003\/09\/A.A.G.Sens_.jpg 400w\" sizes=\"(max-width: 194px) 100vw, 194px\" \/><\/a><\/p>\n","protected":false},"excerpt":{"rendered":"<p>&nbsp; Apr\u00e8s 79 lunes d&#8217;odyss\u00e9e dans les entrailles de la cr\u00e9ation, le livre &#8220;La conscience magique&#8221; d&#8217;Athane Adrahane est enfin disponible et pr\u00eat \u00e0 \u00e9rupter dans les antres des explorateurs de la pens\u00e9e. Procurez-le vous d\u00e8s maintenant en librairie ou &hellip; <a href=\"http:\/\/anomaltribu.com\/etincelle\/2003\/09\/10\/parution-de-la-conscience-magique-aux-editions-substance\/\">Continue reading <span class=\"meta-nav\">&rarr;<\/span><\/a><\/p>\n","protected":false},"author":1,"featured_media":0,"comment_status":"open","ping_status":"open","sticky":false,"template":"","format":"standard","meta":{"spay_email":""},"categories":[11],"tags":[12,16],"yoast_head":"<!-- This site is optimized with the Yoast SEO plugin v16.0.2 - https:\/\/yoast.com\/wordpress\/plugins\/seo\/ -->\n<link rel=\"canonical\" href=\"http:\/\/anomaltribu.com\/etincelle\/2003\/09\/10\/parution-de-la-conscience-magique-aux-editions-substance\/\" \/>\n<meta property=\"og:locale\" content=\"en_US\" \/>\n<meta property=\"og:type\" content=\"article\" \/>\n<meta property=\"og:title\" content=\"Parution de &quot;La conscience magique&quot; aux Editions Substance - L&#039;\u00e9tincelle\" \/>\n<meta property=\"og:description\" content=\"&nbsp; Apr\u00e8s 79 lunes d&#8217;odyss\u00e9e dans les entrailles de la cr\u00e9ation, le livre &#8220;La conscience magique&#8221; d&#8217;Athane Adrahane est enfin disponible et pr\u00eat \u00e0 \u00e9rupter dans les antres des explorateurs de la pens\u00e9e. Procurez-le vous d\u00e8s maintenant en librairie ou &hellip; Continue reading &rarr;\" \/>\n<meta property=\"og:url\" content=\"http:\/\/anomaltribu.com\/etincelle\/2003\/09\/10\/parution-de-la-conscience-magique-aux-editions-substance\/\" \/>\n<meta property=\"og:site_name\" content=\"L&#039;\u00e9tincelle\" \/>\n<meta property=\"article:publisher\" content=\"https:\/\/www.facebook.com\/athaneadrahane\/\" \/>\n<meta property=\"article:published_time\" content=\"2003-09-10T15:32:32+00:00\" \/>\n<meta property=\"article:modified_time\" content=\"2013-04-13T21:43:33+00:00\" \/>\n<meta property=\"og:image\" content=\"http:\/\/anomaltribu.com\/etincelle\/wp-content\/uploads\/2011\/02\/La-conscience-magique-202x300.jpg\" \/>\n<meta name=\"twitter:card\" content=\"summary_large_image\" \/>\n<script type=\"application\/ld+json\" class=\"yoast-schema-graph\">{\"@context\":\"https:\/\/schema.org\",\"@graph\":[{\"@type\":\"WebSite\",\"@id\":\"http:\/\/anomaltribu.com\/etincelle\/#website\",\"url\":\"http:\/\/anomaltribu.com\/etincelle\/\",\"name\":\"L&#039;\\u00e9tincelle\",\"description\":\"Le Journal de bord d&#039;Anomal Tribu\",\"potentialAction\":[{\"@type\":\"SearchAction\",\"target\":\"http:\/\/anomaltribu.com\/etincelle\/?s={search_term_string}\",\"query-input\":\"required name=search_term_string\"}],\"inLanguage\":\"en-US\"},{\"@type\":\"ImageObject\",\"@id\":\"http:\/\/anomaltribu.com\/etincelle\/2003\/09\/10\/parution-de-la-conscience-magique-aux-editions-substance\/#primaryimage\",\"inLanguage\":\"en-US\",\"url\":\"http:\/\/anomaltribu.com\/etincelle\/wp-content\/uploads\/2011\/02\/La-conscience-magique.jpg\",\"width\":462,\"height\":685},{\"@type\":\"WebPage\",\"@id\":\"http:\/\/anomaltribu.com\/etincelle\/2003\/09\/10\/parution-de-la-conscience-magique-aux-editions-substance\/#webpage\",\"url\":\"http:\/\/anomaltribu.com\/etincelle\/2003\/09\/10\/parution-de-la-conscience-magique-aux-editions-substance\/\",\"name\":\"Parution de \\\"La conscience magique\\\" aux Editions Substance - L&#039;\\u00e9tincelle\",\"isPartOf\":{\"@id\":\"http:\/\/anomaltribu.com\/etincelle\/#website\"},\"primaryImageOfPage\":{\"@id\":\"http:\/\/anomaltribu.com\/etincelle\/2003\/09\/10\/parution-de-la-conscience-magique-aux-editions-substance\/#primaryimage\"},\"datePublished\":\"2003-09-10T15:32:32+00:00\",\"dateModified\":\"2013-04-13T21:43:33+00:00\",\"author\":{\"@id\":\"http:\/\/anomaltribu.com\/etincelle\/#\/schema\/person\/3bbd93e0475cdfbd1065570dec02dc8c\"},\"breadcrumb\":{\"@id\":\"http:\/\/anomaltribu.com\/etincelle\/2003\/09\/10\/parution-de-la-conscience-magique-aux-editions-substance\/#breadcrumb\"},\"inLanguage\":\"en-US\",\"potentialAction\":[{\"@type\":\"ReadAction\",\"target\":[\"http:\/\/anomaltribu.com\/etincelle\/2003\/09\/10\/parution-de-la-conscience-magique-aux-editions-substance\/\"]}]},{\"@type\":\"BreadcrumbList\",\"@id\":\"http:\/\/anomaltribu.com\/etincelle\/2003\/09\/10\/parution-de-la-conscience-magique-aux-editions-substance\/#breadcrumb\",\"itemListElement\":[{\"@type\":\"ListItem\",\"position\":1,\"item\":{\"@type\":\"WebPage\",\"@id\":\"http:\/\/anomaltribu.com\/etincelle\/\",\"url\":\"http:\/\/anomaltribu.com\/etincelle\/\",\"name\":\"Home\"}},{\"@type\":\"ListItem\",\"position\":2,\"item\":{\"@type\":\"WebPage\",\"@id\":\"http:\/\/anomaltribu.com\/etincelle\/2003\/09\/10\/parution-de-la-conscience-magique-aux-editions-substance\/\",\"url\":\"http:\/\/anomaltribu.com\/etincelle\/2003\/09\/10\/parution-de-la-conscience-magique-aux-editions-substance\/\",\"name\":\"Parution de &#8220;La conscience magique&#8221; aux Editions Substance\"}}]},{\"@type\":\"Person\",\"@id\":\"http:\/\/anomaltribu.com\/etincelle\/#\/schema\/person\/3bbd93e0475cdfbd1065570dec02dc8c\",\"name\":\"Anomal Tribu\",\"image\":{\"@type\":\"ImageObject\",\"@id\":\"http:\/\/anomaltribu.com\/etincelle\/#personlogo\",\"inLanguage\":\"en-US\",\"url\":\"http:\/\/0.gravatar.com\/avatar\/98a50fa42caed003a6c2af3ad9853bdf?s=96&d=mm&r=g\",\"caption\":\"Anomal Tribu\"}}]}<\/script>\n<!-- \/ Yoast SEO plugin. -->","jetpack_featured_media_url":"","jetpack_likes_enabled":true,"jetpack_sharing_enabled":true,"_links":{"self":[{"href":"http:\/\/anomaltribu.com\/etincelle\/wp-json\/wp\/v2\/posts\/58"}],"collection":[{"href":"http:\/\/anomaltribu.com\/etincelle\/wp-json\/wp\/v2\/posts"}],"about":[{"href":"http:\/\/anomaltribu.com\/etincelle\/wp-json\/wp\/v2\/types\/post"}],"author":[{"embeddable":true,"href":"http:\/\/anomaltribu.com\/etincelle\/wp-json\/wp\/v2\/users\/1"}],"replies":[{"embeddable":true,"href":"http:\/\/anomaltribu.com\/etincelle\/wp-json\/wp\/v2\/comments?post=58"}],"version-history":[{"count":17,"href":"http:\/\/anomaltribu.com\/etincelle\/wp-json\/wp\/v2\/posts\/58\/revisions"}],"predecessor-version":[{"id":450,"href":"http:\/\/anomaltribu.com\/etincelle\/wp-json\/wp\/v2\/posts\/58\/revisions\/450"}],"wp:attachment":[{"href":"http:\/\/anomaltribu.com\/etincelle\/wp-json\/wp\/v2\/media?parent=58"}],"wp:term":[{"taxonomy":"category","embeddable":true,"href":"http:\/\/anomaltribu.com\/etincelle\/wp-json\/wp\/v2\/categories?post=58"},{"taxonomy":"post_tag","embeddable":true,"href":"http:\/\/anomaltribu.com\/etincelle\/wp-json\/wp\/v2\/tags?post=58"}],"curies":[{"name":"wp","href":"https:\/\/api.w.org\/{rel}","templated":true}]}}