{"id":557,"date":"2013-07-01T00:38:24","date_gmt":"2013-07-01T00:38:24","guid":{"rendered":"http:\/\/anomaltribu.com\/etincelle\/?p=557"},"modified":"2013-07-02T19:34:05","modified_gmt":"2013-07-02T19:34:05","slug":"contestation-vegetale-par-laurence-amaury","status":"publish","type":"post","link":"http:\/\/anomaltribu.com\/etincelle\/2013\/07\/01\/contestation-vegetale-par-laurence-amaury\/","title":{"rendered":"Contestation v\u00e9g\u00e9tale. Par Laurence Amaury."},"content":{"rendered":"<p style=\"text-align: center;\" align=\"CENTER\"><span style=\"font-size: large;\"><b><a href=\"http:\/\/anomaltribu.com\/etincelle\/wp-content\/uploads\/2013\/07\/R\u00eave-de-forest.jpg\"><img loading=\"lazy\" class=\" wp-image-572 aligncenter\" alt=\"R\u00eave de forest \u00a9 Athane Adrahane\" src=\"http:\/\/anomaltribu.com\/etincelle\/wp-content\/uploads\/2013\/07\/R\u00eave-de-forest-1024x676.jpg\" width=\"458\" height=\"303\" srcset=\"http:\/\/anomaltribu.com\/etincelle\/wp-content\/uploads\/2013\/07\/R\u00eave-de-forest-1024x676.jpg 1024w, http:\/\/anomaltribu.com\/etincelle\/wp-content\/uploads\/2013\/07\/R\u00eave-de-forest-300x198.jpg 300w, http:\/\/anomaltribu.com\/etincelle\/wp-content\/uploads\/2013\/07\/R\u00eave-de-forest-454x300.jpg 454w\" sizes=\"(max-width: 458px) 100vw, 458px\" \/><\/a><\/b><\/span><\/p>\n<p><span style=\"font-size: small;\">\u00a0 \u00a0 \u00a0 \u00a0 \u00a0 \u00a0 \u00a0 \u00a0 \u00a0 \u00a0 \u00a0 \u00a0 \u00a0 \u00a0 \u00a0 \u00a0 \u00a0 \u00a0 \u00a0 \u00a0 \u00a0 \u00a0 \u00a0 \u00a0 \u00a0 \u00a0 \u00a0 \u00a0 \u00a0 \u00a0 \u00a0 \u00a0 \u00a0 \u00a0 \u00a0 \u00a0 \u00a0 \u00a0 \u00a0 \u00a0 \u00a0 \u00a0 \u00a0 \u00a0 \u00a0 \u00a0 \u00a0 \u00a0 \u00a0 \u00a0 \u00a0 \u00a9 Athane Adrahane<\/span><\/p>\n<p style=\"text-align: center;\" align=\"CENTER\"><span style=\"font-size: large;\"><b>\u00a0<\/b><\/span><\/p>\n<p style=\"text-align: center;\" align=\"JUSTIFY\"><span style=\"font-size: large;\">Entends-tu comme moi<\/span><\/p>\n<p style=\"text-align: center;\" align=\"JUSTIFY\"><span style=\"font-size: large;\">la longue plainte des arbres mutil\u00e9s<\/span><\/p>\n<p style=\"text-align: center;\" align=\"JUSTIFY\"><span style=\"font-size: large;\">entends-tu le choc sec de la hache cinglante<\/span><\/p>\n<p style=\"text-align: center;\" align=\"JUSTIFY\"><span style=\"font-size: large;\">qui tranche les ligaments et culbute les socles<\/span><\/p>\n<p style=\"text-align: center;\" align=\"JUSTIFY\"><span style=\"font-size: large;\">vois-tu l\u2019arbuste nain qui saigne \u00e0 pleine s\u00e8ve<\/span><\/p>\n<p style=\"text-align: center;\" align=\"JUSTIFY\"><span style=\"font-size: large;\">\u00e0 plat ventre dans l\u2019herbe accabl\u00e9e<\/span><\/p>\n<p style=\"text-align: center;\" align=\"JUSTIFY\"><span style=\"font-size: large;\">as-tu vu comme moi<\/span><\/p>\n<p style=\"text-align: center;\" align=\"JUSTIFY\"><span style=\"font-size: large;\">dans la plaine mordue par les vents<\/span><\/p>\n<p style=\"text-align: center;\" align=\"JUSTIFY\"><span style=\"font-size: large;\">cet arbre veuf aux branches feuillues \u00e9tal\u00e9es<\/span><\/p>\n<p style=\"text-align: center;\" align=\"JUSTIFY\"><span style=\"font-size: large;\">aux cheveux qui cueillent la poussi\u00e8re<\/span><\/p>\n<p style=\"text-align: center;\" align=\"JUSTIFY\"><span style=\"font-size: large;\">aux racines comme des doigts g\u00e9ants<!--more--> <\/span><\/p>\n<p style=\"text-align: center;\" align=\"JUSTIFY\"><span style=\"font-size: large;\">difformes boursoufl\u00e9s<\/span><\/p>\n<p style=\"text-align: center;\" align=\"JUSTIFY\"><span style=\"font-size: large;\">fl\u00e8ches tordues exasp\u00e9r\u00e9es livides<\/span><\/p>\n<p style=\"text-align: center;\" align=\"JUSTIFY\"><span style=\"font-size: large;\">jet\u00e9es en d\u00e9fi \u00e0 la face du ciel<\/span><\/p>\n<p style=\"text-align: center;\" align=\"JUSTIFY\"><span style=\"font-size: large;\">la terre se tra\u00eene dans un halo de sang<\/span><\/p>\n<p style=\"text-align: center;\" align=\"JUSTIFY\"><span style=\"font-size: large;\">lapid\u00e9e sans piti\u00e9 par des robots aveugles<\/span><\/p>\n<p style=\"text-align: center;\" align=\"JUSTIFY\"><span style=\"font-size: large;\">les plaies sont innombrables<\/span><\/p>\n<p style=\"text-align: center;\" align=\"JUSTIFY\"><span style=\"font-size: large;\">le meurtre est monnaie courante<\/span><\/p>\n<p style=\"text-align: center;\" align=\"JUSTIFY\"><span style=\"font-size: large;\">l\u2019innocence clou\u00e9e sur une croix de bois<\/span><\/p>\n<p style=\"text-align: center;\" align=\"JUSTIFY\"><span style=\"font-size: large;\">la beaut\u00e9 r\u00e9fugi\u00e9e dans un trou de m\u00e9moire<\/span><\/p>\n<p style=\"text-align: center;\" align=\"JUSTIFY\"><span style=\"font-size: large;\">et l\u2019arbre se r\u00e9volte<\/span><\/p>\n<p style=\"text-align: center;\" align=\"JUSTIFY\"><span style=\"font-size: large;\">\u00e0 sa fa\u00e7on crie vengeance<\/span><\/p>\n<p style=\"text-align: center;\" align=\"JUSTIFY\"><span style=\"font-size: large;\">extirpe ses racines et marche sur la t\u00eate<\/span><\/p>\n<p style=\"text-align: center;\" align=\"JUSTIFY\"><span style=\"font-size: large;\">d\u00e9sireux d\u2019\u00e9migrer dans une autre plan\u00e8te<\/span><\/p>\n<p style=\"text-align: center;\" align=\"JUSTIFY\"><span style=\"font-size: large;\">o\u00f9 le bourreau serait inconcevable<\/span><\/p>\n<p style=\"text-align: center;\" align=\"LEFT\"><span style=\"color: #262626;\"><span style=\"font-family: HelveticaNeue-Light;\"><span style=\"font-size: medium;\">&#8220;Contestation v\u00e9g\u00e9tale&#8221; de Laurence Amaury est extrait du receuil \u00ab Le Mus\u00e9e d&#8217;un Futur suppos\u00e9. Po\u00e8me \u00e0 peindre\u00a0\u00bb<\/span><\/span><\/span><\/p>\n<p style=\"text-align: center;\" align=\"LEFT\"><span style=\"color: #262626;\"><span style=\"font-family: HelveticaNeue-Light;\"><span style=\"font-size: small;\">N\u00e9e \u00e0 Fl\u00e9nu (Mons), le 26 avril 1944, Laurence Amaury, r\u00e9gente litt\u00e9raire\u2028 et biblioth\u00e9caire, est l&#8217;auteur de recueils de po\u00e8mes et de nouvelles, \u2028ainsi que de pi\u00e8ces de th\u00e9\u00e2tre. Elle pr\u00e9pare un m\u00e9moire sur les auteurs montois des origines \u00e0 nos jours (Lettres lume\u00e7onnes, lume\u00e7on \u00e9tant le nom\u2028du combat opposant Saint Georges et le dragon, le jour du Doudou).\u2028 Cofondatrice du \u00ab\u00a0Cercle litt\u00e9raire hainuyer Clair de Luth\u00a0\u00bb (1987) et membre \u2028des Montois Cayaux, elle fut aussi membre du Groupe d&#8217;Action des Ecrivains\u2028 et de la Pens\u00e9e wallonne. Elle a re\u00e7u pour ses po\u00e8mes, en 1982, le prix \u2028H\u00e9l\u00e8ne Van Hove et, en 2010, le prix Mons\/Emile Poumon de l&#8217;AREAW pour son\u2028recueil de nouvelles Escales en Absurdie.\u00a0<\/span><\/span><\/span><\/p>\n<p style=\"text-align: center;\" align=\"LEFT\"><span style=\"color: #262626;\"><span style=\"font-family: HelveticaNeue-Light;\"><span style=\"font-size: xx-small;\">\u00a0<\/span><\/span><\/span><\/p>\n<p><a name=\"_GoBack\"><\/a><\/p>\n","protected":false},"excerpt":{"rendered":"<p>\u00a0 \u00a0 \u00a0 \u00a0 \u00a0 \u00a0 \u00a0 \u00a0 \u00a0 \u00a0 \u00a0 \u00a0 \u00a0 \u00a0 \u00a0 \u00a0 \u00a0 \u00a0 \u00a0 \u00a0 \u00a0 \u00a0 \u00a0 \u00a0 \u00a0 \u00a0 \u00a0 \u00a0 \u00a0 \u00a0 \u00a0 \u00a0 \u00a0 \u00a0 \u00a0 \u00a0 \u00a0 \u00a0 \u00a0 \u00a0 &hellip; <a href=\"http:\/\/anomaltribu.com\/etincelle\/2013\/07\/01\/contestation-vegetale-par-laurence-amaury\/\">Continue reading <span class=\"meta-nav\">&rarr;<\/span><\/a><\/p>\n","protected":false},"author":1,"featured_media":0,"comment_status":"open","ping_status":"open","sticky":false,"template":"","format":"standard","meta":{"spay_email":""},"categories":[44,42],"tags":[30,7],"yoast_head":"<!-- This site is optimized with the Yoast SEO plugin v16.0.2 - https:\/\/yoast.com\/wordpress\/plugins\/seo\/ -->\n<link rel=\"canonical\" href=\"http:\/\/anomaltribu.com\/etincelle\/2013\/07\/01\/contestation-vegetale-par-laurence-amaury\/\" \/>\n<meta property=\"og:locale\" content=\"en_US\" \/>\n<meta property=\"og:type\" content=\"article\" \/>\n<meta property=\"og:title\" content=\"Contestation v\u00e9g\u00e9tale. Par Laurence Amaury. - L&#039;\u00e9tincelle\" \/>\n<meta property=\"og:description\" content=\"\u00a0 \u00a0 \u00a0 \u00a0 \u00a0 \u00a0 \u00a0 \u00a0 \u00a0 \u00a0 \u00a0 \u00a0 \u00a0 \u00a0 \u00a0 \u00a0 \u00a0 \u00a0 \u00a0 \u00a0 \u00a0 \u00a0 \u00a0 \u00a0 \u00a0 \u00a0 \u00a0 \u00a0 \u00a0 \u00a0 \u00a0 \u00a0 \u00a0 \u00a0 \u00a0 \u00a0 \u00a0 \u00a0 \u00a0 \u00a0 &hellip; Continue reading &rarr;\" \/>\n<meta property=\"og:url\" content=\"http:\/\/anomaltribu.com\/etincelle\/2013\/07\/01\/contestation-vegetale-par-laurence-amaury\/\" \/>\n<meta property=\"og:site_name\" content=\"L&#039;\u00e9tincelle\" \/>\n<meta property=\"article:publisher\" content=\"https:\/\/www.facebook.com\/athaneadrahane\/\" \/>\n<meta property=\"article:published_time\" content=\"2013-07-01T00:38:24+00:00\" \/>\n<meta property=\"article:modified_time\" content=\"2013-07-02T19:34:05+00:00\" \/>\n<meta property=\"og:image\" content=\"http:\/\/anomaltribu.com\/etincelle\/wp-content\/uploads\/2013\/07\/R\u00eave-de-forest-1024x676.jpg\" \/>\n<meta name=\"twitter:card\" content=\"summary_large_image\" \/>\n<meta name=\"twitter:label1\" content=\"Est. reading time\">\n\t<meta name=\"twitter:data1\" content=\"2 minutes\">\n<script type=\"application\/ld+json\" class=\"yoast-schema-graph\">{\"@context\":\"https:\/\/schema.org\",\"@graph\":[{\"@type\":\"WebSite\",\"@id\":\"http:\/\/anomaltribu.com\/etincelle\/#website\",\"url\":\"http:\/\/anomaltribu.com\/etincelle\/\",\"name\":\"L&#039;\\u00e9tincelle\",\"description\":\"Le Journal de bord d&#039;Anomal Tribu\",\"potentialAction\":[{\"@type\":\"SearchAction\",\"target\":\"http:\/\/anomaltribu.com\/etincelle\/?s={search_term_string}\",\"query-input\":\"required name=search_term_string\"}],\"inLanguage\":\"en-US\"},{\"@type\":\"ImageObject\",\"@id\":\"http:\/\/anomaltribu.com\/etincelle\/2013\/07\/01\/contestation-vegetale-par-laurence-amaury\/#primaryimage\",\"inLanguage\":\"en-US\",\"url\":\"http:\/\/anomaltribu.com\/etincelle\/wp-content\/uploads\/2013\/07\/R\\u00eave-de-forest.jpg\",\"width\":4680,\"height\":3090},{\"@type\":\"WebPage\",\"@id\":\"http:\/\/anomaltribu.com\/etincelle\/2013\/07\/01\/contestation-vegetale-par-laurence-amaury\/#webpage\",\"url\":\"http:\/\/anomaltribu.com\/etincelle\/2013\/07\/01\/contestation-vegetale-par-laurence-amaury\/\",\"name\":\"Contestation v\\u00e9g\\u00e9tale. Par Laurence Amaury. - L&#039;\\u00e9tincelle\",\"isPartOf\":{\"@id\":\"http:\/\/anomaltribu.com\/etincelle\/#website\"},\"primaryImageOfPage\":{\"@id\":\"http:\/\/anomaltribu.com\/etincelle\/2013\/07\/01\/contestation-vegetale-par-laurence-amaury\/#primaryimage\"},\"datePublished\":\"2013-07-01T00:38:24+00:00\",\"dateModified\":\"2013-07-02T19:34:05+00:00\",\"author\":{\"@id\":\"http:\/\/anomaltribu.com\/etincelle\/#\/schema\/person\/3bbd93e0475cdfbd1065570dec02dc8c\"},\"breadcrumb\":{\"@id\":\"http:\/\/anomaltribu.com\/etincelle\/2013\/07\/01\/contestation-vegetale-par-laurence-amaury\/#breadcrumb\"},\"inLanguage\":\"en-US\",\"potentialAction\":[{\"@type\":\"ReadAction\",\"target\":[\"http:\/\/anomaltribu.com\/etincelle\/2013\/07\/01\/contestation-vegetale-par-laurence-amaury\/\"]}]},{\"@type\":\"BreadcrumbList\",\"@id\":\"http:\/\/anomaltribu.com\/etincelle\/2013\/07\/01\/contestation-vegetale-par-laurence-amaury\/#breadcrumb\",\"itemListElement\":[{\"@type\":\"ListItem\",\"position\":1,\"item\":{\"@type\":\"WebPage\",\"@id\":\"http:\/\/anomaltribu.com\/etincelle\/\",\"url\":\"http:\/\/anomaltribu.com\/etincelle\/\",\"name\":\"Home\"}},{\"@type\":\"ListItem\",\"position\":2,\"item\":{\"@type\":\"WebPage\",\"@id\":\"http:\/\/anomaltribu.com\/etincelle\/2013\/07\/01\/contestation-vegetale-par-laurence-amaury\/\",\"url\":\"http:\/\/anomaltribu.com\/etincelle\/2013\/07\/01\/contestation-vegetale-par-laurence-amaury\/\",\"name\":\"Contestation v\\u00e9g\\u00e9tale. Par Laurence Amaury.\"}}]},{\"@type\":\"Person\",\"@id\":\"http:\/\/anomaltribu.com\/etincelle\/#\/schema\/person\/3bbd93e0475cdfbd1065570dec02dc8c\",\"name\":\"Anomal Tribu\",\"image\":{\"@type\":\"ImageObject\",\"@id\":\"http:\/\/anomaltribu.com\/etincelle\/#personlogo\",\"inLanguage\":\"en-US\",\"url\":\"http:\/\/0.gravatar.com\/avatar\/98a50fa42caed003a6c2af3ad9853bdf?s=96&d=mm&r=g\",\"caption\":\"Anomal Tribu\"}}]}<\/script>\n<!-- \/ Yoast SEO plugin. -->","jetpack_featured_media_url":"","jetpack_likes_enabled":true,"jetpack_sharing_enabled":true,"_links":{"self":[{"href":"http:\/\/anomaltribu.com\/etincelle\/wp-json\/wp\/v2\/posts\/557"}],"collection":[{"href":"http:\/\/anomaltribu.com\/etincelle\/wp-json\/wp\/v2\/posts"}],"about":[{"href":"http:\/\/anomaltribu.com\/etincelle\/wp-json\/wp\/v2\/types\/post"}],"author":[{"embeddable":true,"href":"http:\/\/anomaltribu.com\/etincelle\/wp-json\/wp\/v2\/users\/1"}],"replies":[{"embeddable":true,"href":"http:\/\/anomaltribu.com\/etincelle\/wp-json\/wp\/v2\/comments?post=557"}],"version-history":[{"count":21,"href":"http:\/\/anomaltribu.com\/etincelle\/wp-json\/wp\/v2\/posts\/557\/revisions"}],"predecessor-version":[{"id":579,"href":"http:\/\/anomaltribu.com\/etincelle\/wp-json\/wp\/v2\/posts\/557\/revisions\/579"}],"wp:attachment":[{"href":"http:\/\/anomaltribu.com\/etincelle\/wp-json\/wp\/v2\/media?parent=557"}],"wp:term":[{"taxonomy":"category","embeddable":true,"href":"http:\/\/anomaltribu.com\/etincelle\/wp-json\/wp\/v2\/categories?post=557"},{"taxonomy":"post_tag","embeddable":true,"href":"http:\/\/anomaltribu.com\/etincelle\/wp-json\/wp\/v2\/tags?post=557"}],"curies":[{"name":"wp","href":"https:\/\/api.w.org\/{rel}","templated":true}]}}