{"id":51,"date":"2004-02-10T15:40:12","date_gmt":"2004-02-10T15:40:12","guid":{"rendered":"http:\/\/anomaltribu.com\/etincelles\/?p=51"},"modified":"2013-04-13T21:43:06","modified_gmt":"2013-04-13T21:43:06","slug":"athane-adrahane-dans-les-cahiers-internationaux-de-symbolisme","status":"publish","type":"post","link":"http:\/\/anomaltribu.com\/etincelle\/2004\/02\/10\/athane-adrahane-dans-les-cahiers-internationaux-de-symbolisme\/","title":{"rendered":"Athane Adrahane dans &#8220;les cahiers internationaux de symbolisme&#8221;"},"content":{"rendered":"<p>Parution de &#8220;La danse insens\u00e9e des sens&#8221;, le nouveau texte d&#8217;Athane Adrahane dans les &#8220;Cahiers internationaux de symbolisme. Th\u00e9ories et pratiques de la cr\u00e9ation. Le g\u00e9nie de la diff\u00e9rence nous d\u00e9livrera-t-il de la tyrannie de l&#8217;identit\u00e9 ?&#8221; (2003)<\/p>\n<p>Direction:Claire LEJEUNE<\/p>\n<p>Infos &amp; commandes :<a title=\"http:\/\/w3.umons.ac.be\/ciephum\/cahiers.htm\" href=\"http:\/\/w3.umons.ac.be\/ciephum\/cahiers.htm\">\u00a0<\/a><span class=\"Apple-style-span\" style=\"text-decoration: underline;\"><a title=\"http:\/\/w3.umons.ac.be\/ciephum\/cahiers.htm\" href=\"http:\/\/w3.umons.ac.be\/ciephum\/cahiers.htm\">http:\/\/w3.umons.ac.be\/ciephum\/cahiers.htm<\/a><\/span><\/p>\n","protected":false},"excerpt":{"rendered":"<p>Parution de &#8220;La danse insens\u00e9e des sens&#8221;, le nouveau texte d&#8217;Athane Adrahane dans les &#8220;Cahiers internationaux de symbolisme. Th\u00e9ories et pratiques de la cr\u00e9ation. Le g\u00e9nie de la diff\u00e9rence nous d\u00e9livrera-t-il de la tyrannie de l&#8217;identit\u00e9 ?&#8221; (2003) Direction:Claire LEJEUNE &hellip; <a href=\"http:\/\/anomaltribu.com\/etincelle\/2004\/02\/10\/athane-adrahane-dans-les-cahiers-internationaux-de-symbolisme\/\">Continue reading <span class=\"meta-nav\">&rarr;<\/span><\/a><\/p>\n","protected":false},"author":1,"featured_media":0,"comment_status":"open","ping_status":"open","sticky":false,"template":"","format":"standard","meta":{"spay_email":""},"categories":[11],"tags":[43],"yoast_head":"<!-- This site is optimized with the Yoast SEO plugin v16.0.2 - https:\/\/yoast.com\/wordpress\/plugins\/seo\/ -->\n<link rel=\"canonical\" href=\"http:\/\/anomaltribu.com\/etincelle\/2004\/02\/10\/athane-adrahane-dans-les-cahiers-internationaux-de-symbolisme\/\" \/>\n<meta property=\"og:locale\" content=\"en_US\" \/>\n<meta property=\"og:type\" content=\"article\" \/>\n<meta property=\"og:title\" content=\"Athane Adrahane dans &quot;les cahiers internationaux de symbolisme&quot; - L&#039;\u00e9tincelle\" \/>\n<meta property=\"og:description\" content=\"Parution de &#8220;La danse insens\u00e9e des sens&#8221;, le nouveau texte d&#8217;Athane Adrahane dans les &#8220;Cahiers internationaux de symbolisme. Th\u00e9ories et pratiques de la cr\u00e9ation. Le g\u00e9nie de la diff\u00e9rence nous d\u00e9livrera-t-il de la tyrannie de l&#8217;identit\u00e9 ?&#8221; (2003) Direction:Claire LEJEUNE &hellip; Continue reading &rarr;\" \/>\n<meta property=\"og:url\" content=\"http:\/\/anomaltribu.com\/etincelle\/2004\/02\/10\/athane-adrahane-dans-les-cahiers-internationaux-de-symbolisme\/\" \/>\n<meta property=\"og:site_name\" content=\"L&#039;\u00e9tincelle\" \/>\n<meta property=\"article:publisher\" content=\"https:\/\/www.facebook.com\/athaneadrahane\/\" \/>\n<meta property=\"article:published_time\" content=\"2004-02-10T15:40:12+00:00\" \/>\n<meta property=\"article:modified_time\" content=\"2013-04-13T21:43:06+00:00\" \/>\n<meta name=\"twitter:card\" content=\"summary_large_image\" \/>\n<script type=\"application\/ld+json\" class=\"yoast-schema-graph\">{\"@context\":\"https:\/\/schema.org\",\"@graph\":[{\"@type\":\"WebSite\",\"@id\":\"http:\/\/anomaltribu.com\/etincelle\/#website\",\"url\":\"http:\/\/anomaltribu.com\/etincelle\/\",\"name\":\"L&#039;\\u00e9tincelle\",\"description\":\"Le Journal de bord d&#039;Anomal Tribu\",\"potentialAction\":[{\"@type\":\"SearchAction\",\"target\":\"http:\/\/anomaltribu.com\/etincelle\/?s={search_term_string}\",\"query-input\":\"required name=search_term_string\"}],\"inLanguage\":\"en-US\"},{\"@type\":\"WebPage\",\"@id\":\"http:\/\/anomaltribu.com\/etincelle\/2004\/02\/10\/athane-adrahane-dans-les-cahiers-internationaux-de-symbolisme\/#webpage\",\"url\":\"http:\/\/anomaltribu.com\/etincelle\/2004\/02\/10\/athane-adrahane-dans-les-cahiers-internationaux-de-symbolisme\/\",\"name\":\"Athane Adrahane dans \\\"les cahiers internationaux de symbolisme\\\" - L&#039;\\u00e9tincelle\",\"isPartOf\":{\"@id\":\"http:\/\/anomaltribu.com\/etincelle\/#website\"},\"datePublished\":\"2004-02-10T15:40:12+00:00\",\"dateModified\":\"2013-04-13T21:43:06+00:00\",\"author\":{\"@id\":\"http:\/\/anomaltribu.com\/etincelle\/#\/schema\/person\/3bbd93e0475cdfbd1065570dec02dc8c\"},\"breadcrumb\":{\"@id\":\"http:\/\/anomaltribu.com\/etincelle\/2004\/02\/10\/athane-adrahane-dans-les-cahiers-internationaux-de-symbolisme\/#breadcrumb\"},\"inLanguage\":\"en-US\",\"potentialAction\":[{\"@type\":\"ReadAction\",\"target\":[\"http:\/\/anomaltribu.com\/etincelle\/2004\/02\/10\/athane-adrahane-dans-les-cahiers-internationaux-de-symbolisme\/\"]}]},{\"@type\":\"BreadcrumbList\",\"@id\":\"http:\/\/anomaltribu.com\/etincelle\/2004\/02\/10\/athane-adrahane-dans-les-cahiers-internationaux-de-symbolisme\/#breadcrumb\",\"itemListElement\":[{\"@type\":\"ListItem\",\"position\":1,\"item\":{\"@type\":\"WebPage\",\"@id\":\"http:\/\/anomaltribu.com\/etincelle\/\",\"url\":\"http:\/\/anomaltribu.com\/etincelle\/\",\"name\":\"Home\"}},{\"@type\":\"ListItem\",\"position\":2,\"item\":{\"@type\":\"WebPage\",\"@id\":\"http:\/\/anomaltribu.com\/etincelle\/2004\/02\/10\/athane-adrahane-dans-les-cahiers-internationaux-de-symbolisme\/\",\"url\":\"http:\/\/anomaltribu.com\/etincelle\/2004\/02\/10\/athane-adrahane-dans-les-cahiers-internationaux-de-symbolisme\/\",\"name\":\"Athane Adrahane dans &#8220;les cahiers internationaux de symbolisme&#8221;\"}}]},{\"@type\":\"Person\",\"@id\":\"http:\/\/anomaltribu.com\/etincelle\/#\/schema\/person\/3bbd93e0475cdfbd1065570dec02dc8c\",\"name\":\"Anomal Tribu\",\"image\":{\"@type\":\"ImageObject\",\"@id\":\"http:\/\/anomaltribu.com\/etincelle\/#personlogo\",\"inLanguage\":\"en-US\",\"url\":\"http:\/\/0.gravatar.com\/avatar\/98a50fa42caed003a6c2af3ad9853bdf?s=96&d=mm&r=g\",\"caption\":\"Anomal Tribu\"}}]}<\/script>\n<!-- \/ Yoast SEO plugin. -->","jetpack_featured_media_url":"","jetpack_likes_enabled":true,"jetpack_sharing_enabled":true,"_links":{"self":[{"href":"http:\/\/anomaltribu.com\/etincelle\/wp-json\/wp\/v2\/posts\/51"}],"collection":[{"href":"http:\/\/anomaltribu.com\/etincelle\/wp-json\/wp\/v2\/posts"}],"about":[{"href":"http:\/\/anomaltribu.com\/etincelle\/wp-json\/wp\/v2\/types\/post"}],"author":[{"embeddable":true,"href":"http:\/\/anomaltribu.com\/etincelle\/wp-json\/wp\/v2\/users\/1"}],"replies":[{"embeddable":true,"href":"http:\/\/anomaltribu.com\/etincelle\/wp-json\/wp\/v2\/comments?post=51"}],"version-history":[{"count":11,"href":"http:\/\/anomaltribu.com\/etincelle\/wp-json\/wp\/v2\/posts\/51\/revisions"}],"predecessor-version":[{"id":449,"href":"http:\/\/anomaltribu.com\/etincelle\/wp-json\/wp\/v2\/posts\/51\/revisions\/449"}],"wp:attachment":[{"href":"http:\/\/anomaltribu.com\/etincelle\/wp-json\/wp\/v2\/media?parent=51"}],"wp:term":[{"taxonomy":"category","embeddable":true,"href":"http:\/\/anomaltribu.com\/etincelle\/wp-json\/wp\/v2\/categories?post=51"},{"taxonomy":"post_tag","embeddable":true,"href":"http:\/\/anomaltribu.com\/etincelle\/wp-json\/wp\/v2\/tags?post=51"}],"curies":[{"name":"wp","href":"https:\/\/api.w.org\/{rel}","templated":true}]}}