{"id":465,"date":"2013-05-28T16:34:51","date_gmt":"2013-05-28T16:34:51","guid":{"rendered":"http:\/\/anomaltribu.com\/etincelle\/?p=465"},"modified":"2014-01-16T00:38:21","modified_gmt":"2014-01-16T00:38:21","slug":"la-constellation-des-anges-de-patshiva-a-la-marlagne","status":"publish","type":"post","link":"http:\/\/anomaltribu.com\/etincelle\/2013\/05\/28\/la-constellation-des-anges-de-patshiva-a-la-marlagne\/","title":{"rendered":"La constellation des anges de Patshiva \u00e0 La Marlagne."},"content":{"rendered":"<p style=\"text-align: left;\">Par Athane Adrahane<\/p>\n<p>&nbsp;<\/p>\n<p style=\"text-align: center;\"><span style=\"font-size: large;\"><a href=\"http:\/\/anomaltribu.com\/etincelle\/wp-content\/uploads\/2013\/05\/patshiva-le-chaos-des-anges-guillaume-sens-deterre1.jpg\"><img loading=\"lazy\" class=\" wp-image-466 aligncenter\" alt=\"patshiva le chaos des anges \u00a9 guillaume sens deterre1\" src=\"http:\/\/anomaltribu.com\/etincelle\/wp-content\/uploads\/2013\/05\/patshiva-le-chaos-des-anges-guillaume-sens-deterre1-1024x682.jpg\" width=\"463\" height=\"307\" srcset=\"http:\/\/anomaltribu.com\/etincelle\/wp-content\/uploads\/2013\/05\/patshiva-le-chaos-des-anges-guillaume-sens-deterre1-1024x682.jpg 1024w, http:\/\/anomaltribu.com\/etincelle\/wp-content\/uploads\/2013\/05\/patshiva-le-chaos-des-anges-guillaume-sens-deterre1-300x200.jpg 300w\" sizes=\"(max-width: 463px) 100vw, 463px\" \/><\/a><\/span><\/p>\n<p style=\"padding-left: 360px;\"><span style=\"font-size: small;\">\u00a0 \u00a0 \u00a0\u00a9 Guillaume Sens Deterre<\/span><\/p>\n<p style=\"text-align: center;\"><span style=\"font-size: large;\">Le 5 avril 2013, au centre culturel la Marlagne \u00e0 W\u00e9pion, avec le spectacle \u00ab\u00a0L\u00e0 o\u00f9 r\u00e8gne le chaos des anges\u00a0\u00bb de <\/span><span style=\"font-size: large;\"><i>Patshiva Cie<\/i><\/span><span style=\"font-size: large;\">, on assista enfin aux premiers <\/span><span style=\"font-size: large;\">battements<\/span><span style=\"font-size: large;\"> d&#8217;ailes du printemps : floraison de voix, jaillissement de joie, \u00e9closion de corps en <\/span><span style=\"font-size: large;\">f\u00eates<\/span><span style=\"font-size: large;\">, \u00e9ruption de vocalises aux accents tendrement <\/span><span style=\"font-size: large;\">sauvages<\/span><span style=\"font-size: large;\">, rivi\u00e8res <\/span><span style=\"font-size: large;\">d&#8217;\u00e9motions profondes, bouff\u00e9es d&#8217;amours\u00a0<\/span><span style=\"font-size: large;\">solaires<\/span><span style=\"font-size: large;\"> \u00e0 m\u00eame nos sens engourdis par les derni\u00e8res glaces de l&#8217;hivers. Ce choeur d&#8217;une trentaine de personnes, \u00e0 travers <\/span><span style=\"font-size: large;\">chants polyphoniques et danses traditionnelles, rituelles,<\/span><span style=\"font-size: large;\">contemporaines <\/span><span style=\"font-size: large;\">(Balkans, afro-cubains, ha\u00eftien,g\u00e9orgiens, hongrois, maori, liturgie juive,\u2026)\u00a0<\/span><span style=\"font-size: large;\">dirig\u00e9 <\/span><span style=\"font-size: large;\">par Dounia Depoorter et chor\u00e9graphi\u00e9 par Fatou Traor\u00e9, en alliant la diversit\u00e9 des souffles dans un battement commun parvint avec beaut\u00e9 et subtilit\u00e9 \u00e0 basculer le tempo grisaillant du quotidien en un temps color\u00e9 de magie et de f\u00eate o\u00f9 purent, dans un espace consacr\u00e9, se m\u00e9tamorphoser en toute libert\u00e9 les coeurs et les \u00e2mes.<!--more--><\/span><\/p>\n<p style=\"text-align: center;\"><span style=\"font-size: small;\"><a href=\"http:\/\/anomaltribu.com\/etincelle\/wp-content\/uploads\/2013\/05\/patshiva-le-chaos-des-anges-athane-adrahane-4.jpg\"><img loading=\"lazy\" class=\" wp-image-467 aligncenter\" alt=\"patshiva le chaos des anges \u00a9 athane adrahane 4\" src=\"http:\/\/anomaltribu.com\/etincelle\/wp-content\/uploads\/2013\/05\/patshiva-le-chaos-des-anges-athane-adrahane-4-1024x557.jpg\" width=\"467\" height=\"254\" srcset=\"http:\/\/anomaltribu.com\/etincelle\/wp-content\/uploads\/2013\/05\/patshiva-le-chaos-des-anges-athane-adrahane-4-1024x557.jpg 1024w, http:\/\/anomaltribu.com\/etincelle\/wp-content\/uploads\/2013\/05\/patshiva-le-chaos-des-anges-athane-adrahane-4-300x163.jpg 300w, http:\/\/anomaltribu.com\/etincelle\/wp-content\/uploads\/2013\/05\/patshiva-le-chaos-des-anges-athane-adrahane-4-500x272.jpg 500w\" sizes=\"(max-width: 467px) 100vw, 467px\" \/><\/a>\u00a0 \u00a0 \u00a0 \u00a0 \u00a0 \u00a0 \u00a0 \u00a0 \u00a0 \u00a0 \u00a0 \u00a0 \u00a0 \u00a0 \u00a0 \u00a0 \u00a0 \u00a0 \u00a0 \u00a0 \u00a0 \u00a0 \u00a0 \u00a0 \u00a0 \u00a0 \u00a0 \u00a0 \u00a0 \u00a0 \u00a0 \u00a0 \u00a0 \u00a0 \u00a0 \u00a0 \u00a0 \u00a0 \u00a0 \u00a0 \u00a0 \u00a0 \u00a0 \u00a0 \u00a0 \u00a0 \u00a0 \u00a0 \u00a0 \u00a9 Athane Adrahane\u00a0 \u00a0<\/span><\/p>\n<p style=\"text-align: center;\"><span style=\"font-size: small;\"> \u00a0 \u00a0 \u00a0 \u00a0 \u00a0 \u00a0 \u00a0 \u00a0 \u00a0 \u00a0 \u00a0 \u00a0 \u00a0 \u00a0 \u00a0 \u00a0 \u00a0 \u00a0 \u00a0 \u00a0 \u00a0 \u00a0 \u00a0 \u00a0 \u00a0 \u00a0 \u00a0 \u00a0 \u00a0 \u00a0 \u00a0\u00a0<\/span><\/p>\n<p style=\"text-align: center;\"><span style=\"font-size: large;\">Parmi les multiples souffles que nous communique le voyage de ces anges \u00e0 travers les \u00e2ges, les peuples, les continents et les diverses \u00e9preuves de la vie que sont le deuil d&#8217;un \u00eatre aim\u00e9, les s\u00e9ismes de l&#8217;amour, les naissances et les alliances de <\/span><span style=\"font-size: large;\">tout ordre<\/span><span style=\"font-size: large;\"> (lune, petit soleil br\u00fblant), l&#8217;importance de l&#8217;empathie, de la solidarit\u00e9, des pr\u00e9sences d&#8217;\u00e2mes bienveillantes lors des passages d&#8217;un monde \u00e0 l&#8217;autre, sont de ceux qui nous aident \u00e0 mieux respirer.<\/span><\/p>\n<p style=\"text-align: center;\"><span style=\"font-size: large;\"><a href=\"http:\/\/anomaltribu.com\/etincelle\/wp-content\/uploads\/2013\/05\/patshiva-le-chaos-des-anges-guillaume-sens-deterre-2.jpg\"><img loading=\"lazy\" class=\" wp-image-468 aligncenter\" alt=\"patshiva le chaos des anges \u00a9 guillaume sens deterre 2\" src=\"http:\/\/anomaltribu.com\/etincelle\/wp-content\/uploads\/2013\/05\/patshiva-le-chaos-des-anges-guillaume-sens-deterre-2-1024x701.jpg\" width=\"374\" height=\"255\" srcset=\"http:\/\/anomaltribu.com\/etincelle\/wp-content\/uploads\/2013\/05\/patshiva-le-chaos-des-anges-guillaume-sens-deterre-2-1024x701.jpg 1024w, http:\/\/anomaltribu.com\/etincelle\/wp-content\/uploads\/2013\/05\/patshiva-le-chaos-des-anges-guillaume-sens-deterre-2-300x205.jpg 300w\" sizes=\"(max-width: 374px) 100vw, 374px\" \/><\/a> <\/span><\/p>\n<p style=\"text-align: center;\"><span style=\"font-size: small;\">\u00a0 \u00a0 \u00a0 \u00a0 \u00a0 \u00a0 \u00a0 \u00a0 \u00a0 \u00a0 \u00a0 \u00a0 \u00a0 \u00a0 \u00a0 \u00a0 \u00a0 \u00a0 \u00a0 \u00a0 \u00a0 \u00a0 \u00a0 \u00a0 \u00a0 \u00a0 \u00a0 \u00a0 \u00a0 \u00a0\u00a9 Guillaume Sens Deterre<\/span><\/p>\n<p style=\"text-align: center;\"><span class=\"Apple-style-span\" style=\"line-height: 14px; font-size: xx-small;\">\u00a0<\/span><\/p>\n<p style=\"text-align: center;\"><span style=\"font-size: large;\">\u00c0 voir rayonner les corps, l&#8217;art du chant tel qu&#8217;il est, ici, transmis, participe de cette (r\u00e9)conciliation des multiples r\u00e9gions affectives qu&#8217;abritent nos terres <\/span><span style=\"font-size: large;\">int\u00e9rieures<\/span><span style=\"font-size: large;\"> et d&#8217;une possible communion avec le sanctuaire des autres. Correspondances, convergences, \u00e9chos, dissonances, \u00e9carts, fusions des gestuelles sonores forgent alors des accords <\/span><span style=\"font-size: large;\">inou\u00efs<\/span><span style=\"font-size: large;\"> o\u00f9 <\/span><span style=\"font-size: large;\">s&#8217;intensifie<\/span><span style=\"font-size: large;\">\u00a0l&#8217;art d&#8217;exister.<\/span><\/p>\n<p style=\"text-align: center;\"><span style=\"font-size: large;\"><a href=\"http:\/\/anomaltribu.com\/etincelle\/wp-content\/uploads\/2013\/05\/patshiva-le-chaos-des-anges-guillaume-sens-deterre-6.jpg\"><img loading=\"lazy\" class=\" wp-image-471 aligncenter\" alt=\"patshiva le chaos des anges \u00a9 guillaume sens deterre 6\" src=\"http:\/\/anomaltribu.com\/etincelle\/wp-content\/uploads\/2013\/05\/patshiva-le-chaos-des-anges-guillaume-sens-deterre-6-1024x717.jpg\" width=\"378\" height=\"264\" srcset=\"http:\/\/anomaltribu.com\/etincelle\/wp-content\/uploads\/2013\/05\/patshiva-le-chaos-des-anges-guillaume-sens-deterre-6-1024x717.jpg 1024w, http:\/\/anomaltribu.com\/etincelle\/wp-content\/uploads\/2013\/05\/patshiva-le-chaos-des-anges-guillaume-sens-deterre-6-300x210.jpg 300w, http:\/\/anomaltribu.com\/etincelle\/wp-content\/uploads\/2013\/05\/patshiva-le-chaos-des-anges-guillaume-sens-deterre-6-428x300.jpg 428w\" sizes=\"(max-width: 378px) 100vw, 378px\" \/><\/a> <\/span><\/p>\n<p><span style=\"font-size: small;\">\u00a0 \u00a0 \u00a0 \u00a0 \u00a0 \u00a0 \u00a0 \u00a0 \u00a0 \u00a0 \u00a0 \u00a0 \u00a0 \u00a0 \u00a0 \u00a0 \u00a0 \u00a0 \u00a0 \u00a0 \u00a0 \u00a0 \u00a0 \u00a0 \u00a0 \u00a0 \u00a0 \u00a0 \u00a0 \u00a0 \u00a0 \u00a0 \u00a0 \u00a0 \u00a0 \u00a0 \u00a0 \u00a0 \u00a0 \u00a0 \u00a0 \u00a0 \u00a9 Guillaume Sens Deterre<\/span><\/p>\n<p style=\"text-align: center;\"><span style=\"font-size: small;\">\u00a0 \u00a0 \u00a0 \u00a0 \u00a0 \u00a0 \u00a0 \u00a0 \u00a0 \u00a0 \u00a0 \u00a0 \u00a0 \u00a0 \u00a0 \u00a0 \u00a0 \u00a0 \u00a0 \u00a0 \u00a0 \u00a0 \u00a0 \u00a0 \u00a0 \u00a0 \u00a0 \u00a0 \u00a0\u00a0<\/span><\/p>\n<p style=\"text-align: center;\"><span style=\"font-size: large;\">L\u00e0 <\/span><span style=\"font-size: large;\">devient visible une <\/span><span style=\"font-size: large;\">polyphonie des \u00eatres <\/span><span style=\"font-size: large;\">o\u00f9<\/span><span style=\"font-size: large;\"> cohabite la complexit\u00e9 des diff\u00e9rentes harmonies et o\u00f9 chaque singularit\u00e9 \u00e0 son corps \u00e0 dire. Et, \u00f4 comme ces\u00a0<\/span><span style=\"font-size: large;\">grandes <\/span><span style=\"font-size: large;\">chevauch\u00e9es<\/span><span style=\"font-size: large;\"> de meutes ail\u00e9es o\u00f9 respect, \u00e9coute, accompagnement des mutuels accouchements de soi font voyager dans des paysages d&#8217;une autre vastitude que ceux tristes et \u00e9triqu\u00e9s o\u00f9 se voient c\u00e9l\u00e9br\u00e9 la comp\u00e9titivit\u00e9 et l\u2019\u00e9go\u00efsme. Il est donc ici un cri du coeur: oui, de ces chaudes et g\u00e9n\u00e9reuses contr\u00e9es, nous avons plus que jamais besoin!<\/span><\/p>\n<p style=\"text-align: center;\"><span style=\"font-size: small;\"><a href=\"http:\/\/anomaltribu.com\/etincelle\/wp-content\/uploads\/2013\/05\/patshiva-le-chaos-des-anges-guillaume-sens-deterre-7.jpg\"><img loading=\"lazy\" class=\" wp-image-472 aligncenter\" alt=\"patshiva le chaos des anges \u00a9 \u00a9 guillaume sens deterre 7\" src=\"http:\/\/anomaltribu.com\/etincelle\/wp-content\/uploads\/2013\/05\/patshiva-le-chaos-des-anges-guillaume-sens-deterre-7-1024x646.jpg\" width=\"420\" height=\"265\" srcset=\"http:\/\/anomaltribu.com\/etincelle\/wp-content\/uploads\/2013\/05\/patshiva-le-chaos-des-anges-guillaume-sens-deterre-7-1024x646.jpg 1024w, http:\/\/anomaltribu.com\/etincelle\/wp-content\/uploads\/2013\/05\/patshiva-le-chaos-des-anges-guillaume-sens-deterre-7-300x189.jpg 300w, http:\/\/anomaltribu.com\/etincelle\/wp-content\/uploads\/2013\/05\/patshiva-le-chaos-des-anges-guillaume-sens-deterre-7-475x300.jpg 475w\" sizes=\"(max-width: 420px) 100vw, 420px\" \/><\/a><\/span><\/p>\n<p style=\"text-align: center;\"><span style=\"font-size: small;\">\u00a0 \u00a0 \u00a0 \u00a0 \u00a0 \u00a0 \u00a0 \u00a0 \u00a0 \u00a0 \u00a0 \u00a0 \u00a0 \u00a0 \u00a0 \u00a0 \u00a0 \u00a0 \u00a0 \u00a0 \u00a0 \u00a0 \u00a0 \u00a0 \u00a0 \u00a0 \u00a0 \u00a0 \u00a0 \u00a0 \u00a0 \u00a0 \u00a0 \u00a0 \u00a0 \u00a0\u00a9 Guillaume Sens Deterre\u00a0<\/span><\/p>\n<p style=\"text-align: center;\"><span style=\"font-size: small;\"> \u00a0 \u00a0 \u00a0 \u00a0 \u00a0 \u00a0 \u00a0 \u00a0 \u00a0 \u00a0 \u00a0 \u00a0 \u00a0 \u00a0 \u00a0 \u00a0 \u00a0 \u00a0 \u00a0 \u00a0 \u00a0 \u00a0 \u00a0 \u00a0\u00a0<\/span><\/p>\n<p style=\"text-align: center;\"><span style=\"font-size: large;\">Aussi, ici, semble s&#8217;inventer un autre sacr\u00e9, o\u00f9 une attention est port\u00e9e aux pr\u00e9cieux myst\u00e8res de ces savoirs des sens, aux multiples r\u00e9cits de vies qui traversent les langages du corps. Et si cela fait quelquefois danser dans tout les sens, se l\u00e8ve, aussi, une autre coh\u00e9rence. De ce sacr\u00e9, en effet, le chaos cr\u00e9ateur ne se voit pas conjur\u00e9 mais assum\u00e9, explor\u00e9 par<\/span><span style=\"font-size: large;\"> une chor\u00e9graphie et une mise en sc\u00e8ne<\/span><span style=\"font-size: large;\">, qui, \u00e0 la gr\u00e2ce d&#8217;une f\u00eate qui rend forces et puissances, fait de l&#8217; <\/span><span style=\"font-size: large;\"><i>itinerrance <\/i><\/span><span style=\"font-size: large;\">partag\u00e9e, un souffle qui rassemble.<\/span><\/p>\n<p style=\"text-align: center;\"><span style=\"font-size: large;\"><a href=\"http:\/\/anomaltribu.com\/etincelle\/wp-content\/uploads\/2013\/05\/patshiva-le-chaos-des-anges-guillaume-sens-deterre-5.jpg\"><img loading=\"lazy\" class=\" wp-image-470 aligncenter\" alt=\"patshiva le chaos des anges \u00a9 guillaume sens deterre 5\" src=\"http:\/\/anomaltribu.com\/etincelle\/wp-content\/uploads\/2013\/05\/patshiva-le-chaos-des-anges-guillaume-sens-deterre-5-1024x556.jpg\" width=\"467\" height=\"254\" srcset=\"http:\/\/anomaltribu.com\/etincelle\/wp-content\/uploads\/2013\/05\/patshiva-le-chaos-des-anges-guillaume-sens-deterre-5-1024x556.jpg 1024w, http:\/\/anomaltribu.com\/etincelle\/wp-content\/uploads\/2013\/05\/patshiva-le-chaos-des-anges-guillaume-sens-deterre-5-300x163.jpg 300w, http:\/\/anomaltribu.com\/etincelle\/wp-content\/uploads\/2013\/05\/patshiva-le-chaos-des-anges-guillaume-sens-deterre-5-500x271.jpg 500w\" sizes=\"(max-width: 467px) 100vw, 467px\" \/><\/a><\/span><\/p>\n<p style=\"text-align: center;\">\u00a0 \u00a0 \u00a0 \u00a0 \u00a0 \u00a0 \u00a0\u00a0<span class=\"Apple-style-span\" style=\"line-height: 21px; font-size: small;\">\u00a0 \u00a0 \u00a0 \u00a0 \u00a0 \u00a0 \u00a0 \u00a0 \u00a0 \u00a0 \u00a0 \u00a0 \u00a0 \u00a0 \u00a0 \u00a0 \u00a0 \u00a0 \u00a0 \u00a0 \u00a0 \u00a0 \u00a0 \u00a0 \u00a0 \u00a0 \u00a0 \u00a0 \u00a0 \u00a0 \u00a0 \u00a0 \u00a0 \u00a0 \u00a0 \u00a0\u00a9 Guillaume Sens Deterre<\/span><\/p>\n<p style=\"text-align: center;\"><span style=\"font-size: large;\">\u00c0 la jonction des diverses cultures, du chaos et du cosmos, du ciel et de la terre, du visible et de l&#8217;invisible s&#8217;enfante ce touchant peuple de <\/span><span style=\"font-size: large;\">femmes<\/span><span style=\"font-size: large;\"> tant\u00f4t <\/span><span style=\"font-size: large;\">fleurs<\/span><span style=\"font-size: large;\">, tant\u00f4t <\/span><span style=\"font-size: large;\">sauvages<\/span><span style=\"font-size: large;\">, tant\u00f4t <\/span><span style=\"font-size: large;\">tziganes<\/span><span style=\"font-size: large;\">, tant\u00f4t <\/span><span style=\"font-size: large;\">maoris<\/span><span style=\"font-size: large;\">, tant\u00f4t <\/span><span style=\"font-size: large;\">occidentales<\/span><span style=\"font-size: large;\">, tant\u00f4t <\/span><span style=\"font-size: large;\">fortes<\/span><span style=\"font-size: large;\">, tant\u00f4t <\/span><span style=\"font-size: large;\">fragiles<\/span><span style=\"font-size: large;\">, o\u00f9 chacune avec <\/span><span style=\"font-size: large;\">son <\/span><span style=\"font-size: large;\">histoire, <\/span><span style=\"font-size: large;\">son<\/span><span style=\"font-size: large;\"> style, <\/span><span style=\"font-size: large;\">son<\/span><span style=\"font-size: large;\"> rythme, <\/span><span style=\"font-size: large;\">sa<\/span><span style=\"font-size: large;\"> voix, <\/span><span style=\"font-size: large;\">ses<\/span><span style=\"font-size: large;\"> passions, <\/span><span style=\"font-size: large;\">ses<\/span><span style=\"font-size: large;\"> racines, travaille \u00e0 faire \u00ab\u00a0terre\u00a0\u00bb en belle sant\u00e9.<\/span><\/p>\n<p style=\"text-align: center;\"><span style=\"font-size: large;\"><a href=\"http:\/\/anomaltribu.com\/etincelle\/wp-content\/uploads\/2013\/05\/patshiva-le-chaos-des-anges-guillaume-sens-deterre-3.jpg\"><img loading=\"lazy\" class=\" wp-image-469 aligncenter\" alt=\"patshiva le chaos des anges \u00a9guillaume sens deterre 3\" src=\"http:\/\/anomaltribu.com\/etincelle\/wp-content\/uploads\/2013\/05\/patshiva-le-chaos-des-anges-guillaume-sens-deterre-3-1024x492.jpg\" width=\"467\" height=\"224\" srcset=\"http:\/\/anomaltribu.com\/etincelle\/wp-content\/uploads\/2013\/05\/patshiva-le-chaos-des-anges-guillaume-sens-deterre-3-1024x492.jpg 1024w, http:\/\/anomaltribu.com\/etincelle\/wp-content\/uploads\/2013\/05\/patshiva-le-chaos-des-anges-guillaume-sens-deterre-3-300x144.jpg 300w, http:\/\/anomaltribu.com\/etincelle\/wp-content\/uploads\/2013\/05\/patshiva-le-chaos-des-anges-guillaume-sens-deterre-3-500x240.jpg 500w\" sizes=\"(max-width: 467px) 100vw, 467px\" \/><\/a> <\/span><\/p>\n<p style=\"text-align: center;\"><span style=\"font-size: small;\">\u00a0 \u00a0 \u00a0 \u00a0 \u00a0 \u00a0 \u00a0 \u00a0 \u00a0 \u00a0 \u00a0 \u00a0 \u00a0 \u00a0 \u00a0 \u00a0 \u00a0 \u00a0 \u00a0 \u00a0 \u00a0 \u00a0 \u00a0 \u00a0 \u00a0 \u00a0 \u00a0 \u00a0 \u00a0 \u00a0 \u00a0 \u00a0 \u00a0 \u00a0 \u00a0 \u00a0 \u00a0 \u00a0 \u00a0 \u00a0 \u00a0\u00a9 Guillaume Sens Deterre<\/span><\/p>\n<p style=\"text-align: center;\"><span style=\"font-size: large;\">Alors, \u00e0 la faveur de ces vents qui colportent le chant des femmes d&#8217;un champ \u00e0 l&#8217;autre, se produit un envol commun \u00e0 m\u00eame le coeur du spectateur invit\u00e9 \u00e0 <\/span><span style=\"font-size: large;\">lui aussi <\/span><span style=\"font-size: large;\">rentr\u00e9 dans ce cercle aux fronti\u00e8res toujours mouvantes qui, de danses en notes, de folies en sagesses, de <\/span><span style=\"font-size: large;\">chagrins<\/span><span style=\"font-size: large;\"> en <\/span><span style=\"font-size: large;\">rires<\/span><span style=\"font-size: large;\">, acte pour un foyer o\u00f9 il fait bon faire escale. De ce spectacle, on en ressort le sourire au coeur, la paix au ventre, gorg\u00e9 de cet\u00a0ineffable pr\u00e9sent d&#8217;\u00eatre en vie aux c\u00f4t\u00e9s d&#8217;autres <\/span><span style=\"font-size: large;\">vies<\/span><span style=\"font-size: large;\">, ivre du parfum de cette constellation <\/span><span style=\"font-size: large;\">d&#8217;ange<\/span><span style=\"font-size: large;\"> \u00e0 m\u00eame de diffuser durablement un souffle essentiel dans nos gestes quotidiens.<\/span><\/p>\n<p style=\"text-align: center;\"><span style=\"font-size: small;\">\u00a0 \u00a0 \u00a0 \u00a0 \u00a0 \u00a0 \u00a0 \u00a0 \u00a0 \u00a0 \u00a0 \u00a0 \u00a0 \u00a0 \u00a0 \u00a0 \u00a0 \u00a0 \u00a0 \u00a0 \u00a0 \u00a0 \u00a0 \u00a0 \u00a0 \u00a0 \u00a0 \u00a0 \u00a0 \u00a0 \u00a0 \u00a0 \u00a0 \u00a0 \u00a0 \u00a0\u00a0<\/span><\/p>\n<p>Site officiel:\u00a0<a href=\"http:\/\/www.patshiva-cie.com\">www. patshiva-cie.com<\/a><\/p>\n","protected":false},"excerpt":{"rendered":"<p>Par Athane Adrahane &nbsp; \u00a0 \u00a0 \u00a0\u00a9 Guillaume Sens Deterre Le 5 avril 2013, au centre culturel la Marlagne \u00e0 W\u00e9pion, avec le spectacle \u00ab\u00a0L\u00e0 o\u00f9 r\u00e8gne le chaos des anges\u00a0\u00bb de Patshiva Cie, on assista enfin aux premiers battements &hellip; <a href=\"http:\/\/anomaltribu.com\/etincelle\/2013\/05\/28\/la-constellation-des-anges-de-patshiva-a-la-marlagne\/\">Continue reading <span class=\"meta-nav\">&rarr;<\/span><\/a><\/p>\n","protected":false},"author":1,"featured_media":0,"comment_status":"open","ping_status":"open","sticky":false,"template":"","format":"standard","meta":{"spay_email":""},"categories":[23,17,1,44],"tags":[12,22,27],"yoast_head":"<!-- This site is optimized with the Yoast SEO plugin v16.0.2 - https:\/\/yoast.com\/wordpress\/plugins\/seo\/ -->\n<link rel=\"canonical\" href=\"http:\/\/anomaltribu.com\/etincelle\/2013\/05\/28\/la-constellation-des-anges-de-patshiva-a-la-marlagne\/\" \/>\n<meta property=\"og:locale\" content=\"en_US\" \/>\n<meta property=\"og:type\" content=\"article\" \/>\n<meta property=\"og:title\" content=\"La constellation des anges de Patshiva \u00e0 La Marlagne. - L&#039;\u00e9tincelle\" \/>\n<meta property=\"og:description\" content=\"Par Athane Adrahane &nbsp; \u00a0 \u00a0 \u00a0\u00a9 Guillaume Sens Deterre Le 5 avril 2013, au centre culturel la Marlagne \u00e0 W\u00e9pion, avec le spectacle \u00ab\u00a0L\u00e0 o\u00f9 r\u00e8gne le chaos des anges\u00a0\u00bb de Patshiva Cie, on assista enfin aux premiers battements &hellip; Continue reading &rarr;\" \/>\n<meta property=\"og:url\" content=\"http:\/\/anomaltribu.com\/etincelle\/2013\/05\/28\/la-constellation-des-anges-de-patshiva-a-la-marlagne\/\" \/>\n<meta property=\"og:site_name\" content=\"L&#039;\u00e9tincelle\" \/>\n<meta property=\"article:publisher\" content=\"https:\/\/www.facebook.com\/athaneadrahane\/\" \/>\n<meta property=\"article:published_time\" content=\"2013-05-28T16:34:51+00:00\" \/>\n<meta property=\"article:modified_time\" content=\"2014-01-16T00:38:21+00:00\" \/>\n<meta property=\"og:image\" content=\"http:\/\/anomaltribu.com\/etincelle\/wp-content\/uploads\/2013\/05\/patshiva-le-chaos-des-anges-guillaume-sens-deterre1-1024x682.jpg\" \/>\n<meta name=\"twitter:card\" content=\"summary_large_image\" \/>\n<meta name=\"twitter:label1\" content=\"Est. reading time\">\n\t<meta name=\"twitter:data1\" content=\"3 minutes\">\n<script type=\"application\/ld+json\" class=\"yoast-schema-graph\">{\"@context\":\"https:\/\/schema.org\",\"@graph\":[{\"@type\":\"WebSite\",\"@id\":\"http:\/\/anomaltribu.com\/etincelle\/#website\",\"url\":\"http:\/\/anomaltribu.com\/etincelle\/\",\"name\":\"L&#039;\\u00e9tincelle\",\"description\":\"Le Journal de bord d&#039;Anomal Tribu\",\"potentialAction\":[{\"@type\":\"SearchAction\",\"target\":\"http:\/\/anomaltribu.com\/etincelle\/?s={search_term_string}\",\"query-input\":\"required name=search_term_string\"}],\"inLanguage\":\"en-US\"},{\"@type\":\"ImageObject\",\"@id\":\"http:\/\/anomaltribu.com\/etincelle\/2013\/05\/28\/la-constellation-des-anges-de-patshiva-a-la-marlagne\/#primaryimage\",\"inLanguage\":\"en-US\",\"url\":\"http:\/\/anomaltribu.com\/etincelle\/wp-content\/uploads\/2013\/05\/patshiva-le-chaos-des-anges-guillaume-sens-deterre1.jpg\",\"width\":5184,\"height\":3456},{\"@type\":\"WebPage\",\"@id\":\"http:\/\/anomaltribu.com\/etincelle\/2013\/05\/28\/la-constellation-des-anges-de-patshiva-a-la-marlagne\/#webpage\",\"url\":\"http:\/\/anomaltribu.com\/etincelle\/2013\/05\/28\/la-constellation-des-anges-de-patshiva-a-la-marlagne\/\",\"name\":\"La constellation des anges de Patshiva \\u00e0 La Marlagne. - L&#039;\\u00e9tincelle\",\"isPartOf\":{\"@id\":\"http:\/\/anomaltribu.com\/etincelle\/#website\"},\"primaryImageOfPage\":{\"@id\":\"http:\/\/anomaltribu.com\/etincelle\/2013\/05\/28\/la-constellation-des-anges-de-patshiva-a-la-marlagne\/#primaryimage\"},\"datePublished\":\"2013-05-28T16:34:51+00:00\",\"dateModified\":\"2014-01-16T00:38:21+00:00\",\"author\":{\"@id\":\"http:\/\/anomaltribu.com\/etincelle\/#\/schema\/person\/3bbd93e0475cdfbd1065570dec02dc8c\"},\"breadcrumb\":{\"@id\":\"http:\/\/anomaltribu.com\/etincelle\/2013\/05\/28\/la-constellation-des-anges-de-patshiva-a-la-marlagne\/#breadcrumb\"},\"inLanguage\":\"en-US\",\"potentialAction\":[{\"@type\":\"ReadAction\",\"target\":[\"http:\/\/anomaltribu.com\/etincelle\/2013\/05\/28\/la-constellation-des-anges-de-patshiva-a-la-marlagne\/\"]}]},{\"@type\":\"BreadcrumbList\",\"@id\":\"http:\/\/anomaltribu.com\/etincelle\/2013\/05\/28\/la-constellation-des-anges-de-patshiva-a-la-marlagne\/#breadcrumb\",\"itemListElement\":[{\"@type\":\"ListItem\",\"position\":1,\"item\":{\"@type\":\"WebPage\",\"@id\":\"http:\/\/anomaltribu.com\/etincelle\/\",\"url\":\"http:\/\/anomaltribu.com\/etincelle\/\",\"name\":\"Home\"}},{\"@type\":\"ListItem\",\"position\":2,\"item\":{\"@type\":\"WebPage\",\"@id\":\"http:\/\/anomaltribu.com\/etincelle\/2013\/05\/28\/la-constellation-des-anges-de-patshiva-a-la-marlagne\/\",\"url\":\"http:\/\/anomaltribu.com\/etincelle\/2013\/05\/28\/la-constellation-des-anges-de-patshiva-a-la-marlagne\/\",\"name\":\"La constellation des anges de Patshiva \\u00e0 La Marlagne.\"}}]},{\"@type\":\"Person\",\"@id\":\"http:\/\/anomaltribu.com\/etincelle\/#\/schema\/person\/3bbd93e0475cdfbd1065570dec02dc8c\",\"name\":\"Anomal Tribu\",\"image\":{\"@type\":\"ImageObject\",\"@id\":\"http:\/\/anomaltribu.com\/etincelle\/#personlogo\",\"inLanguage\":\"en-US\",\"url\":\"http:\/\/0.gravatar.com\/avatar\/98a50fa42caed003a6c2af3ad9853bdf?s=96&d=mm&r=g\",\"caption\":\"Anomal Tribu\"}}]}<\/script>\n<!-- \/ Yoast SEO plugin. -->","jetpack_featured_media_url":"","jetpack_likes_enabled":true,"jetpack_sharing_enabled":true,"_links":{"self":[{"href":"http:\/\/anomaltribu.com\/etincelle\/wp-json\/wp\/v2\/posts\/465"}],"collection":[{"href":"http:\/\/anomaltribu.com\/etincelle\/wp-json\/wp\/v2\/posts"}],"about":[{"href":"http:\/\/anomaltribu.com\/etincelle\/wp-json\/wp\/v2\/types\/post"}],"author":[{"embeddable":true,"href":"http:\/\/anomaltribu.com\/etincelle\/wp-json\/wp\/v2\/users\/1"}],"replies":[{"embeddable":true,"href":"http:\/\/anomaltribu.com\/etincelle\/wp-json\/wp\/v2\/comments?post=465"}],"version-history":[{"count":47,"href":"http:\/\/anomaltribu.com\/etincelle\/wp-json\/wp\/v2\/posts\/465\/revisions"}],"predecessor-version":[{"id":723,"href":"http:\/\/anomaltribu.com\/etincelle\/wp-json\/wp\/v2\/posts\/465\/revisions\/723"}],"wp:attachment":[{"href":"http:\/\/anomaltribu.com\/etincelle\/wp-json\/wp\/v2\/media?parent=465"}],"wp:term":[{"taxonomy":"category","embeddable":true,"href":"http:\/\/anomaltribu.com\/etincelle\/wp-json\/wp\/v2\/categories?post=465"},{"taxonomy":"post_tag","embeddable":true,"href":"http:\/\/anomaltribu.com\/etincelle\/wp-json\/wp\/v2\/tags?post=465"}],"curies":[{"name":"wp","href":"https:\/\/api.w.org\/{rel}","templated":true}]}}