{"id":313,"date":"2013-04-25T23:07:35","date_gmt":"2013-04-25T23:07:35","guid":{"rendered":"http:\/\/anomaltribu.com\/etincelles\/?p=313"},"modified":"2013-05-28T13:29:38","modified_gmt":"2013-05-28T13:29:38","slug":"pierre-verstraeten-une-pensee-vie","status":"publish","type":"post","link":"http:\/\/anomaltribu.com\/etincelle\/2013\/04\/25\/pierre-verstraeten-une-pensee-vie\/","title":{"rendered":"Pierre Verstraeten: une pens\u00e9e-vie"},"content":{"rendered":"<p style=\"text-align: left;\"><b>par V\u00e9ronique Bergen<br \/>\n<\/b>\u00a0<a href=\"http:\/\/anomaltribu.com\/etincelle\/wp-content\/uploads\/2013\/04\/Analyse-critique-dun-trait\u00e9-de-philosophie.-P.-Verstraeten.jpg\"><img loading=\"lazy\" class=\"size-medium wp-image-456 aligncenter\" alt=\"Analyse critique d'un trait\u00e9 de philosophie. P. Verstraeten\" src=\"http:\/\/anomaltribu.com\/etincelle\/wp-content\/uploads\/2013\/04\/Analyse-critique-dun-trait\u00e9-de-philosophie.-P.-Verstraeten-201x300.jpg\" width=\"201\" height=\"300\" srcset=\"http:\/\/anomaltribu.com\/etincelle\/wp-content\/uploads\/2013\/04\/Analyse-critique-dun-trait\u00e9-de-philosophie.-P.-Verstraeten-201x300.jpg 201w, http:\/\/anomaltribu.com\/etincelle\/wp-content\/uploads\/2013\/04\/Analyse-critique-dun-trait\u00e9-de-philosophie.-P.-Verstraeten-687x1024.jpg 687w\" sizes=\"(max-width: 201px) 100vw, 201px\" \/><\/a><\/p>\n<p><b>\u00a0<\/b><\/p>\n<p style=\"padding-left: 270px;\" align=\"JUSTIFY\">Saveur des vagues qui ne retombent pas.<\/p>\n<p style=\"padding-left: 270px;\" align=\"JUSTIFY\">Elles rejettent la mer dans son pass\u00e9.<\/p>\n<p style=\"padding-left: 270px;\" align=\"JUSTIFY\">-Ren\u00e9 Char<\/p>\n<p style=\"padding-left: 390px;\" align=\"JUSTIFY\"><i>Pour Pierre Verstraeten<\/i><\/p>\n<p align=\"JUSTIFY\">Les portes de la philosophie qui ouvrent sur le grand large, la torsade de l\u2019impens\u00e9 en pensable, l\u2019infini \u00e0 port\u00e9e de la main, le ptyx de la pens\u00e9e qui se relance d\u00e8s que touch\u00e9, chaque cours exp\u00e9riment\u00e9 comme un \u00e9v\u00e9nement qui se tient \u00e0 hauteur de son intensit\u00e9, sans plus de diff\u00e9r\u00e9 entre sa promesse et son acte&#8230;<\/p>\n<p align=\"JUSTIFY\">Dans les amphith\u00e9\u00e2tres s\u2019est exp\u00e9riment\u00e9e la philosophie en acte \u2013\u00a0le devenir-vie de la philosophie et le devenir-philosophie de la vie. En toile de fond de cette pens\u00e9e se pensant, selon le <i>work in progress <\/i>de concepts pouss\u00e9s aux limites d\u2019eux-m\u00eames, la construction d\u2019une alliance entre la dialectique h\u00e9g\u00e9liano-sartrienne et le vitalisme deleuzien se donnait \u00e0 voir. Afin d\u2019acter et de consolider les noces de ces deux massifs que la doxa philosophique pose comme antagonistes, il s\u2019agissait de d\u00e9ployer la haute voltige d\u2019une pens\u00e9e sans filet, d\u2019une pens\u00e9e acrobate, \u00e0 fleur d\u2019invention perp\u00e9tuelle, qui ne cesse de traquer la fossilisation, les clich\u00e9s qu\u2019elle s\u00e9cr\u00e8te comme son ombre. D\u2019ann\u00e9e en ann\u00e9e, Pierre Verstraeten a jou\u00e9 l\u2019oubli f\u00e9cond contre la capitalisation des acquis et dynamit\u00e9 le s\u00e9diment\u00e9, le d\u00e9p\u00f4t de ses propres cr\u00e9ations pour reprendre une question \u00e0 nouveaux frais, sous un autre prisme.<!--more--><\/p>\n<p align=\"JUSTIFY\">Travailler une probl\u00e9matique par un mouvement en vrille, la ciseler au plus fin, agencer des s\u00e9quences de probl\u00e8mes, faire passer des diff\u00e9rences de nature, des d\u00e9coupes dans des massifs conceptuels laiss\u00e9s en jach\u00e8re, prendre \u00e0 bras-le-corps <i>L\u2019\u00catre et le N\u00e9ant, La Ph\u00e9nom\u00e9nologie de l\u2019Esprit, Qu\u2019est-ce que la philosophie? &#8230;<\/i> requ\u00e9rait la posture de l\u2019aventurier aux aguets, toujours sur le qui-vive, prompt \u00e0 d\u00e9celer les ali\u00e9nations qui rongent la libert\u00e9 d\u2019une pens\u00e9e en action. D\u00e9lest\u00e9e de toute trajectoire pr\u00e9-d\u00e9finie, nouant dans l\u2019\u00e9ternel retour du diff\u00e9rent d\u00e9territorialisation et reterritorialisaton, la pens\u00e9e s\u2019y forgeait un langage apte \u00e0 la faire danser. D\u00e8s lors que, afin de toucher au concept il faut \u201ctoucher au vers\u201d, les bifurcations auxquelles les questionnements \u00e9taient soumis se coulaient dans une phrase aux r\u00e9sonances proustiennes, tenant de la liane et du vitrail. A l\u2019intersection de la libert\u00e9 de la dialectique et de la dialectique de la libert\u00e9, de l\u2019immanence et du moteur du n\u00e9gatif, se tenait une cr\u00e9ation langagi\u00e8re faisant filer le verbe vers ce que Deleuze appelle des \u201cVisions et Auditions qui ne sont plus d\u2019aucune langue\u201d.<\/p>\n<p align=\"JUSTIFY\">Je retiendrai quelques-unes des formules-cl\u00e9s qui \u00e9maillaient ses cours, comme des scansions discursives avant que la pens\u00e9e ne se rejette en pleine mer. Je songe aux \u201ctel qu\u2019en Lui-m\u00eame l\u2019\u00e9ternit\u00e9 le change\u201d, \u201cpasser par pertes et profits\u201d, \u201cle vivant ne laisse jamais aller la cause \u00e0 son effet\u201d, ou encore aux \u201ctel vieux r\u00eave, d\u00e9sir et mal de mes vert\u00e8bres\u201d, \u201cle mort saisit le vif\u201d, \u201cune main lave l\u2019autre\u201d, au rapide \u201cn\u2019est-ce pas&#8230;\u201d, tout en glissando, qui ponctuaient l\u2019expos\u00e9 d\u2019une question. Je songe \u00e0 la galerie de portraits o\u00f9 s\u2019avan\u00e7aient, m\u00e9tamorphos\u00e9s, d\u00e9poussi\u00e9r\u00e9s, r\u00e9invent\u00e9s, Platon, Descartes, Kant, Lacan, Heidegger, Foucault, Lyotard, Zizek, Badiou et bien d\u2019autres. C\u00f4t\u00e9 litt\u00e9rature, je songe \u00e0 l\u2019omnipr\u00e9sence de Sartre, \u00e0 la figure centrale de Mallarm\u00e9 qui, chez Verstraeten comme chez Badiou, agit comme un op\u00e9rateur de pens\u00e9e, je songe \u00e0 la convocation \u00e9lective de Faulkner, de Kafka, de Genet, de Flaubert, du <i>Faust<\/i> de Goethe, des <i>Ruines circulaires<\/i> de Borges, \u00e0 la r\u00e9quisition de <i>Hamlet<\/i>, Tournier, Woolf, Styron, Dosto\u00efevski, des <i>Origines<\/i> de Rainer Sch\u00fcrmann&#8230;<\/p>\n<p align=\"JUSTIFY\">Je laisse l\u2019aile du pass\u00e9 effleurer le pr\u00e9sent, je vois les allures que prenait la pens\u00e9e en son d\u00e9ploiement, tant\u00f4t optant pour la virevolte en spirale, l\u2019arabesque, tant\u00f4t d\u00e9ferlant comme l\u2019\u00e9clair ou se vouant \u00e0 l\u2019estocade, je la vois arpenter des surfaces qu\u2019elle soumettait \u00e0 la relance du mouvement, \u00e0 un dynamisme incessant, je la vois f\u00e9conder une probl\u00e9matique par l\u2019extr\u00eame d\u00e9pli de ses implications logiques ou par la jonction de ses marges avec un autre territoire, je la vois bondir, sauter sur sa proie ou creuser \u00e0 la fa\u00e7on de la taupe qui sape les terrains balis\u00e9s, accompagn\u00e9e d\u2019une gestuelle o\u00f9 se lisaient \u00e9clats de rires, h\u00e9sitations, doutes, points de crise. En tentant des alliances inou\u00efes, hautes en densit\u00e9 conceptuelle, la philosophie performait la formule de Deleuze : faire aux philosophes des enfants dans le dos.<\/p>\n<p align=\"JUSTIFY\">Au fil de l\u2019enseignement de Pierre Verstraeten, la fl\u00e8che qu\u2019il a projet\u00e9e, que certaines d\u2019entre nous avons cueillie et relanc\u00e9e, \u00e9l\u00e8ve son chant : la vie, jamais ailleurs que l\u00e0 o\u00f9 elle se tient, se conquiert, s\u2019arrache. Exit la conscience malheureuse, les transcendances boursoufl\u00e9es, la d\u00e9ploration de la finitude de l\u2019ici-maintenant, les inerties m\u00e9taphysiques. A l\u2019impossible, tout un chacun est tenu&#8230;<\/p>\n<p align=\"JUSTIFY\">En guise de portrait, l\u2019ab\u00e9c\u00e9daire verstraetien offrirait un visage de consonnes de feu et de voyelles d\u2019air :<\/p>\n<p align=\"JUSTIFY\">A ou ath\u00e9isme<\/p>\n<p align=\"JUSTIFY\">B ou bond<\/p>\n<p align=\"JUSTIFY\">C ou corrida<\/p>\n<p align=\"JUSTIFY\">D ou dialectique sans cl\u00f4ture<\/p>\n<p align=\"JUSTIFY\">E ou \u00e9clair engag\u00e9<\/p>\n<p align=\"JUSTIFY\">F ou fulgurance<\/p>\n<p align=\"JUSTIFY\">G ou gen\u00e8se sp\u00e9l\u00e9ologique<\/p>\n<p align=\"JUSTIFY\">H ou hyperbole<\/p>\n<p align=\"JUSTIFY\">I ou ib\u00e9rique<\/p>\n<p align=\"JUSTIFY\">J ou jazz<\/p>\n<p align=\"JUSTIFY\">K ou kal\u00e9idoscope<\/p>\n<p align=\"JUSTIFY\">L ou libert\u00e9 <i>index sui<\/i><\/p>\n<p align=\"JUSTIFY\">M ou m\u00e9taphysique<\/p>\n<p align=\"JUSTIFY\">N ou n\u00e9antisation active<\/p>\n<p align=\"JUSTIFY\">0 ou oblique<\/p>\n<p align=\"JUSTIFY\">P ou pari hors de la sph\u00e8re des dieux et des anges<\/p>\n<p align=\"JUSTIFY\">Q ou questionnement au finish<\/p>\n<p align=\"JUSTIFY\">R ou r\u00e9sistance<\/p>\n<p align=\"JUSTIFY\">S ou structuralisme<\/p>\n<p align=\"JUSTIFY\">T ou <i>Temps Modernes<\/i><\/p>\n<p align=\"JUSTIFY\">U ou ultra-concept<\/p>\n<p align=\"JUSTIFY\">V ou vitesse de la pens\u00e9e<\/p>\n<p align=\"JUSTIFY\">W ou waking up<\/p>\n<p align=\"JUSTIFY\">X ou X mallarm\u00e9en<\/p>\n<p align=\"JUSTIFY\">Y ou yogi sans commissaire<\/p>\n<p align=\"JUSTIFY\">Z ou zigzag.<\/p>\n<p><a name=\"_GoBack\"><\/a>Texte publi\u00e9 dans le recueil collectif <i>ULB. Une fiction vivante, <\/i>Editions Erc\u00e9e, 2010.<\/p>\n<p>Photo: Pierre Verstraeten, <em>Analyse critique d&#8217;un trait\u00e9 de philosophie<\/em>, P.U.B, 1997-1998<\/p>\n","protected":false},"excerpt":{"rendered":"<p>par V\u00e9ronique Bergen \u00a0 \u00a0 Saveur des vagues qui ne retombent pas. Elles rejettent la mer dans son pass\u00e9. -Ren\u00e9 Char Pour Pierre Verstraeten Les portes de la philosophie qui ouvrent sur le grand large, la torsade de l\u2019impens\u00e9 en &hellip; <a href=\"http:\/\/anomaltribu.com\/etincelle\/2013\/04\/25\/pierre-verstraeten-une-pensee-vie\/\">Continue reading <span class=\"meta-nav\">&rarr;<\/span><\/a><\/p>\n","protected":false},"author":1,"featured_media":0,"comment_status":"open","ping_status":"open","sticky":false,"template":"","format":"standard","meta":{"spay_email":""},"categories":[1],"tags":[45,28,15],"yoast_head":"<!-- This site is optimized with the Yoast SEO plugin v16.0.2 - https:\/\/yoast.com\/wordpress\/plugins\/seo\/ -->\n<link rel=\"canonical\" href=\"http:\/\/anomaltribu.com\/etincelle\/2013\/04\/25\/pierre-verstraeten-une-pensee-vie\/\" \/>\n<meta property=\"og:locale\" content=\"en_US\" \/>\n<meta property=\"og:type\" content=\"article\" \/>\n<meta property=\"og:title\" content=\"Pierre Verstraeten: une pens\u00e9e-vie - L&#039;\u00e9tincelle\" \/>\n<meta property=\"og:description\" content=\"par V\u00e9ronique Bergen \u00a0 \u00a0 Saveur des vagues qui ne retombent pas. Elles rejettent la mer dans son pass\u00e9. -Ren\u00e9 Char Pour Pierre Verstraeten Les portes de la philosophie qui ouvrent sur le grand large, la torsade de l\u2019impens\u00e9 en &hellip; Continue reading &rarr;\" \/>\n<meta property=\"og:url\" content=\"http:\/\/anomaltribu.com\/etincelle\/2013\/04\/25\/pierre-verstraeten-une-pensee-vie\/\" \/>\n<meta property=\"og:site_name\" content=\"L&#039;\u00e9tincelle\" \/>\n<meta property=\"article:publisher\" content=\"https:\/\/www.facebook.com\/athaneadrahane\/\" \/>\n<meta property=\"article:published_time\" content=\"2013-04-25T23:07:35+00:00\" \/>\n<meta property=\"article:modified_time\" content=\"2013-05-28T13:29:38+00:00\" \/>\n<meta property=\"og:image\" content=\"http:\/\/anomaltribu.com\/etincelle\/wp-content\/uploads\/2013\/04\/Analyse-critique-dun-trait\u00e9-de-philosophie.-P.-Verstraeten-201x300.jpg\" \/>\n<meta name=\"twitter:card\" content=\"summary_large_image\" \/>\n<meta name=\"twitter:label1\" content=\"Est. reading time\">\n\t<meta name=\"twitter:data1\" content=\"5 minutes\">\n<script type=\"application\/ld+json\" class=\"yoast-schema-graph\">{\"@context\":\"https:\/\/schema.org\",\"@graph\":[{\"@type\":\"WebSite\",\"@id\":\"http:\/\/anomaltribu.com\/etincelle\/#website\",\"url\":\"http:\/\/anomaltribu.com\/etincelle\/\",\"name\":\"L&#039;\\u00e9tincelle\",\"description\":\"Le Journal de bord d&#039;Anomal Tribu\",\"potentialAction\":[{\"@type\":\"SearchAction\",\"target\":\"http:\/\/anomaltribu.com\/etincelle\/?s={search_term_string}\",\"query-input\":\"required name=search_term_string\"}],\"inLanguage\":\"en-US\"},{\"@type\":\"ImageObject\",\"@id\":\"http:\/\/anomaltribu.com\/etincelle\/2013\/04\/25\/pierre-verstraeten-une-pensee-vie\/#primaryimage\",\"inLanguage\":\"en-US\",\"url\":\"http:\/\/anomaltribu.com\/etincelle\/wp-content\/uploads\/2013\/04\/Analyse-critique-dun-trait\\u00e9-de-philosophie.-P.-Verstraeten.jpg\",\"width\":3132,\"height\":4662},{\"@type\":\"WebPage\",\"@id\":\"http:\/\/anomaltribu.com\/etincelle\/2013\/04\/25\/pierre-verstraeten-une-pensee-vie\/#webpage\",\"url\":\"http:\/\/anomaltribu.com\/etincelle\/2013\/04\/25\/pierre-verstraeten-une-pensee-vie\/\",\"name\":\"Pierre Verstraeten: une pens\\u00e9e-vie - L&#039;\\u00e9tincelle\",\"isPartOf\":{\"@id\":\"http:\/\/anomaltribu.com\/etincelle\/#website\"},\"primaryImageOfPage\":{\"@id\":\"http:\/\/anomaltribu.com\/etincelle\/2013\/04\/25\/pierre-verstraeten-une-pensee-vie\/#primaryimage\"},\"datePublished\":\"2013-04-25T23:07:35+00:00\",\"dateModified\":\"2013-05-28T13:29:38+00:00\",\"author\":{\"@id\":\"http:\/\/anomaltribu.com\/etincelle\/#\/schema\/person\/3bbd93e0475cdfbd1065570dec02dc8c\"},\"breadcrumb\":{\"@id\":\"http:\/\/anomaltribu.com\/etincelle\/2013\/04\/25\/pierre-verstraeten-une-pensee-vie\/#breadcrumb\"},\"inLanguage\":\"en-US\",\"potentialAction\":[{\"@type\":\"ReadAction\",\"target\":[\"http:\/\/anomaltribu.com\/etincelle\/2013\/04\/25\/pierre-verstraeten-une-pensee-vie\/\"]}]},{\"@type\":\"BreadcrumbList\",\"@id\":\"http:\/\/anomaltribu.com\/etincelle\/2013\/04\/25\/pierre-verstraeten-une-pensee-vie\/#breadcrumb\",\"itemListElement\":[{\"@type\":\"ListItem\",\"position\":1,\"item\":{\"@type\":\"WebPage\",\"@id\":\"http:\/\/anomaltribu.com\/etincelle\/\",\"url\":\"http:\/\/anomaltribu.com\/etincelle\/\",\"name\":\"Home\"}},{\"@type\":\"ListItem\",\"position\":2,\"item\":{\"@type\":\"WebPage\",\"@id\":\"http:\/\/anomaltribu.com\/etincelle\/2013\/04\/25\/pierre-verstraeten-une-pensee-vie\/\",\"url\":\"http:\/\/anomaltribu.com\/etincelle\/2013\/04\/25\/pierre-verstraeten-une-pensee-vie\/\",\"name\":\"Pierre Verstraeten: une pens\\u00e9e-vie\"}}]},{\"@type\":\"Person\",\"@id\":\"http:\/\/anomaltribu.com\/etincelle\/#\/schema\/person\/3bbd93e0475cdfbd1065570dec02dc8c\",\"name\":\"Anomal Tribu\",\"image\":{\"@type\":\"ImageObject\",\"@id\":\"http:\/\/anomaltribu.com\/etincelle\/#personlogo\",\"inLanguage\":\"en-US\",\"url\":\"http:\/\/0.gravatar.com\/avatar\/98a50fa42caed003a6c2af3ad9853bdf?s=96&d=mm&r=g\",\"caption\":\"Anomal Tribu\"}}]}<\/script>\n<!-- \/ Yoast SEO plugin. -->","jetpack_featured_media_url":"","jetpack_likes_enabled":true,"jetpack_sharing_enabled":true,"_links":{"self":[{"href":"http:\/\/anomaltribu.com\/etincelle\/wp-json\/wp\/v2\/posts\/313"}],"collection":[{"href":"http:\/\/anomaltribu.com\/etincelle\/wp-json\/wp\/v2\/posts"}],"about":[{"href":"http:\/\/anomaltribu.com\/etincelle\/wp-json\/wp\/v2\/types\/post"}],"author":[{"embeddable":true,"href":"http:\/\/anomaltribu.com\/etincelle\/wp-json\/wp\/v2\/users\/1"}],"replies":[{"embeddable":true,"href":"http:\/\/anomaltribu.com\/etincelle\/wp-json\/wp\/v2\/comments?post=313"}],"version-history":[{"count":14,"href":"http:\/\/anomaltribu.com\/etincelle\/wp-json\/wp\/v2\/posts\/313\/revisions"}],"predecessor-version":[{"id":460,"href":"http:\/\/anomaltribu.com\/etincelle\/wp-json\/wp\/v2\/posts\/313\/revisions\/460"}],"wp:attachment":[{"href":"http:\/\/anomaltribu.com\/etincelle\/wp-json\/wp\/v2\/media?parent=313"}],"wp:term":[{"taxonomy":"category","embeddable":true,"href":"http:\/\/anomaltribu.com\/etincelle\/wp-json\/wp\/v2\/categories?post=313"},{"taxonomy":"post_tag","embeddable":true,"href":"http:\/\/anomaltribu.com\/etincelle\/wp-json\/wp\/v2\/tags?post=313"}],"curies":[{"name":"wp","href":"https:\/\/api.w.org\/{rel}","templated":true}]}}