{"id":185,"date":"2011-11-10T20:37:49","date_gmt":"2011-11-10T20:37:49","guid":{"rendered":"http:\/\/anomaltribu.com\/etincelles\/?p=185"},"modified":"2013-04-13T21:33:37","modified_gmt":"2013-04-13T21:33:37","slug":"cheminement-philosophique-et-artistique-autour-des-trois-ecologies-de-felix-guattari-par-athane-adrahane","status":"publish","type":"post","link":"http:\/\/anomaltribu.com\/etincelle\/2011\/11\/10\/cheminement-philosophique-et-artistique-autour-des-trois-ecologies-de-felix-guattari-par-athane-adrahane\/","title":{"rendered":"Cheminement philosophique et artistique autour des trois \u00e9cologies de F\u00e9lix Guattari. Par Athane Adrahane"},"content":{"rendered":"<p>Le samedi 19 novembre 2011<br \/>\nHeure: 20 heure<br \/>\nLieu: Centre Culturel Omar Khayam<br \/>\n144, Avenue Brugmann,1190, Bruxelles<\/p>\n<p><!--more--><\/p>\n<p><img style=\"width: 300px; height: 344px;\" alt=\"\" src=\"http:\/\/anomaltribu.com\/etincelle\/fp-content\/images\/cliche-2011-11-10-21-58-18.jpg\" align=\"none\" \/><\/p>\n","protected":false},"excerpt":{"rendered":"<p>Le samedi 19 novembre 2011 Heure: 20 heure Lieu: Centre Culturel Omar Khayam 144, Avenue Brugmann,1190, Bruxelles<\/p>\n","protected":false},"author":1,"featured_media":0,"comment_status":"open","ping_status":"open","sticky":false,"template":"","format":"standard","meta":{"spay_email":""},"categories":[11],"tags":[],"yoast_head":"<!-- This site is optimized with the Yoast SEO plugin v16.0.2 - https:\/\/yoast.com\/wordpress\/plugins\/seo\/ -->\n<link rel=\"canonical\" href=\"http:\/\/anomaltribu.com\/etincelle\/2011\/11\/10\/cheminement-philosophique-et-artistique-autour-des-trois-ecologies-de-felix-guattari-par-athane-adrahane\/\" \/>\n<meta property=\"og:locale\" content=\"en_US\" \/>\n<meta property=\"og:type\" content=\"article\" \/>\n<meta property=\"og:title\" content=\"Cheminement philosophique et artistique autour des trois \u00e9cologies de F\u00e9lix Guattari. Par Athane Adrahane - L&#039;\u00e9tincelle\" \/>\n<meta property=\"og:description\" content=\"Le samedi 19 novembre 2011 Heure: 20 heure Lieu: Centre Culturel Omar Khayam 144, Avenue Brugmann,1190, Bruxelles\" \/>\n<meta property=\"og:url\" content=\"http:\/\/anomaltribu.com\/etincelle\/2011\/11\/10\/cheminement-philosophique-et-artistique-autour-des-trois-ecologies-de-felix-guattari-par-athane-adrahane\/\" \/>\n<meta property=\"og:site_name\" content=\"L&#039;\u00e9tincelle\" \/>\n<meta property=\"article:publisher\" content=\"https:\/\/www.facebook.com\/athaneadrahane\/\" \/>\n<meta property=\"article:published_time\" content=\"2011-11-10T20:37:49+00:00\" \/>\n<meta property=\"article:modified_time\" content=\"2013-04-13T21:33:37+00:00\" \/>\n<meta property=\"og:image\" content=\"http:\/\/anomaltribu.com\/etincelle\/fp-content\/images\/cliche-2011-11-10-21-58-18.jpg\" \/>\n<meta name=\"twitter:card\" content=\"summary_large_image\" \/>\n<script type=\"application\/ld+json\" class=\"yoast-schema-graph\">{\"@context\":\"https:\/\/schema.org\",\"@graph\":[{\"@type\":\"WebSite\",\"@id\":\"http:\/\/anomaltribu.com\/etincelle\/#website\",\"url\":\"http:\/\/anomaltribu.com\/etincelle\/\",\"name\":\"L&#039;\\u00e9tincelle\",\"description\":\"Le Journal de bord d&#039;Anomal Tribu\",\"potentialAction\":[{\"@type\":\"SearchAction\",\"target\":\"http:\/\/anomaltribu.com\/etincelle\/?s={search_term_string}\",\"query-input\":\"required name=search_term_string\"}],\"inLanguage\":\"en-US\"},{\"@type\":\"ImageObject\",\"@id\":\"http:\/\/anomaltribu.com\/etincelle\/2011\/11\/10\/cheminement-philosophique-et-artistique-autour-des-trois-ecologies-de-felix-guattari-par-athane-adrahane\/#primaryimage\",\"inLanguage\":\"en-US\",\"url\":\"http:\/\/anomaltribu.com\/etincelle\/fp-content\/images\/cliche-2011-11-10-21-58-18.jpg\"},{\"@type\":\"WebPage\",\"@id\":\"http:\/\/anomaltribu.com\/etincelle\/2011\/11\/10\/cheminement-philosophique-et-artistique-autour-des-trois-ecologies-de-felix-guattari-par-athane-adrahane\/#webpage\",\"url\":\"http:\/\/anomaltribu.com\/etincelle\/2011\/11\/10\/cheminement-philosophique-et-artistique-autour-des-trois-ecologies-de-felix-guattari-par-athane-adrahane\/\",\"name\":\"Cheminement philosophique et artistique autour des trois \\u00e9cologies de F\\u00e9lix Guattari. Par Athane Adrahane - L&#039;\\u00e9tincelle\",\"isPartOf\":{\"@id\":\"http:\/\/anomaltribu.com\/etincelle\/#website\"},\"primaryImageOfPage\":{\"@id\":\"http:\/\/anomaltribu.com\/etincelle\/2011\/11\/10\/cheminement-philosophique-et-artistique-autour-des-trois-ecologies-de-felix-guattari-par-athane-adrahane\/#primaryimage\"},\"datePublished\":\"2011-11-10T20:37:49+00:00\",\"dateModified\":\"2013-04-13T21:33:37+00:00\",\"author\":{\"@id\":\"http:\/\/anomaltribu.com\/etincelle\/#\/schema\/person\/3bbd93e0475cdfbd1065570dec02dc8c\"},\"breadcrumb\":{\"@id\":\"http:\/\/anomaltribu.com\/etincelle\/2011\/11\/10\/cheminement-philosophique-et-artistique-autour-des-trois-ecologies-de-felix-guattari-par-athane-adrahane\/#breadcrumb\"},\"inLanguage\":\"en-US\",\"potentialAction\":[{\"@type\":\"ReadAction\",\"target\":[\"http:\/\/anomaltribu.com\/etincelle\/2011\/11\/10\/cheminement-philosophique-et-artistique-autour-des-trois-ecologies-de-felix-guattari-par-athane-adrahane\/\"]}]},{\"@type\":\"BreadcrumbList\",\"@id\":\"http:\/\/anomaltribu.com\/etincelle\/2011\/11\/10\/cheminement-philosophique-et-artistique-autour-des-trois-ecologies-de-felix-guattari-par-athane-adrahane\/#breadcrumb\",\"itemListElement\":[{\"@type\":\"ListItem\",\"position\":1,\"item\":{\"@type\":\"WebPage\",\"@id\":\"http:\/\/anomaltribu.com\/etincelle\/\",\"url\":\"http:\/\/anomaltribu.com\/etincelle\/\",\"name\":\"Home\"}},{\"@type\":\"ListItem\",\"position\":2,\"item\":{\"@type\":\"WebPage\",\"@id\":\"http:\/\/anomaltribu.com\/etincelle\/2011\/11\/10\/cheminement-philosophique-et-artistique-autour-des-trois-ecologies-de-felix-guattari-par-athane-adrahane\/\",\"url\":\"http:\/\/anomaltribu.com\/etincelle\/2011\/11\/10\/cheminement-philosophique-et-artistique-autour-des-trois-ecologies-de-felix-guattari-par-athane-adrahane\/\",\"name\":\"Cheminement philosophique et artistique autour des trois \\u00e9cologies de F\\u00e9lix Guattari. Par Athane Adrahane\"}}]},{\"@type\":\"Person\",\"@id\":\"http:\/\/anomaltribu.com\/etincelle\/#\/schema\/person\/3bbd93e0475cdfbd1065570dec02dc8c\",\"name\":\"Anomal Tribu\",\"image\":{\"@type\":\"ImageObject\",\"@id\":\"http:\/\/anomaltribu.com\/etincelle\/#personlogo\",\"inLanguage\":\"en-US\",\"url\":\"http:\/\/0.gravatar.com\/avatar\/98a50fa42caed003a6c2af3ad9853bdf?s=96&d=mm&r=g\",\"caption\":\"Anomal Tribu\"}}]}<\/script>\n<!-- \/ Yoast SEO plugin. -->","jetpack_featured_media_url":"","jetpack_likes_enabled":true,"jetpack_sharing_enabled":true,"_links":{"self":[{"href":"http:\/\/anomaltribu.com\/etincelle\/wp-json\/wp\/v2\/posts\/185"}],"collection":[{"href":"http:\/\/anomaltribu.com\/etincelle\/wp-json\/wp\/v2\/posts"}],"about":[{"href":"http:\/\/anomaltribu.com\/etincelle\/wp-json\/wp\/v2\/types\/post"}],"author":[{"embeddable":true,"href":"http:\/\/anomaltribu.com\/etincelle\/wp-json\/wp\/v2\/users\/1"}],"replies":[{"embeddable":true,"href":"http:\/\/anomaltribu.com\/etincelle\/wp-json\/wp\/v2\/comments?post=185"}],"version-history":[{"count":4,"href":"http:\/\/anomaltribu.com\/etincelle\/wp-json\/wp\/v2\/posts\/185\/revisions"}],"predecessor-version":[{"id":188,"href":"http:\/\/anomaltribu.com\/etincelle\/wp-json\/wp\/v2\/posts\/185\/revisions\/188"}],"wp:attachment":[{"href":"http:\/\/anomaltribu.com\/etincelle\/wp-json\/wp\/v2\/media?parent=185"}],"wp:term":[{"taxonomy":"category","embeddable":true,"href":"http:\/\/anomaltribu.com\/etincelle\/wp-json\/wp\/v2\/categories?post=185"},{"taxonomy":"post_tag","embeddable":true,"href":"http:\/\/anomaltribu.com\/etincelle\/wp-json\/wp\/v2\/tags?post=185"}],"curies":[{"name":"wp","href":"https:\/\/api.w.org\/{rel}","templated":true}]}}