{"id":159,"date":"2012-11-25T01:45:13","date_gmt":"2012-11-25T01:45:13","guid":{"rendered":"http:\/\/anomaltribu.com\/etincelles\/?p=159"},"modified":"2013-03-30T01:47:29","modified_gmt":"2013-03-30T01:47:29","slug":"arteres-au-coin-aux-etoiles","status":"publish","type":"post","link":"http:\/\/anomaltribu.com\/etincelle\/2012\/11\/25\/arteres-au-coin-aux-etoiles\/","title":{"rendered":"Art\u00e8res au Coin Aux Etoiles."},"content":{"rendered":"<p><strong><\/strong>C\u2019est autour d\u2019un feu de joie qu\u2019Art\u00e8res interpr\u00e9tera trois morceaux acoustiques, ce premier d\u00e9cembre lors de l\u2019inauguration du Coin Aux \u00c9toiles, nouvelle salle culturelle qui vise \u00e0 offrir un espace de cr\u00e9ation, d\u2019expression et de promotion aux artistes des mots, des sons et des images.<\/p>\n<p>Lieux: Le Coin Aux \u00c9toiles, 79 Rue notre Dame,7000 Mons, Belgique<br \/>Heure: D\u00e8s 19h30.<\/p>\n<p>Pour plus d\u2019information sur la programmation: <a title=\"\" href=\"http:\/\/www.facebook.com\/LeCoinAuxEtoiles\" target=\"\">www.facebook.com\/LeCoinAuxEtoiles<\/a><\/p>\n","protected":false},"excerpt":{"rendered":"<p>C\u2019est autour d\u2019un feu de joie qu\u2019Art\u00e8res interpr\u00e9tera trois morceaux acoustiques, ce premier d\u00e9cembre lors de l\u2019inauguration du Coin Aux \u00c9toiles, nouvelle salle culturelle qui vise \u00e0 offrir un espace de cr\u00e9ation, d\u2019expression et de promotion aux artistes des mots, &hellip; <a href=\"http:\/\/anomaltribu.com\/etincelle\/2012\/11\/25\/arteres-au-coin-aux-etoiles\/\">Continue reading <span class=\"meta-nav\">&rarr;<\/span><\/a><\/p>\n","protected":false},"author":1,"featured_media":0,"comment_status":"open","ping_status":"open","sticky":false,"template":"","format":"standard","meta":{"spay_email":""},"categories":[17,11],"tags":[20],"yoast_head":"<!-- This site is optimized with the Yoast SEO plugin v16.0.2 - https:\/\/yoast.com\/wordpress\/plugins\/seo\/ -->\n<link rel=\"canonical\" href=\"http:\/\/anomaltribu.com\/etincelle\/2012\/11\/25\/arteres-au-coin-aux-etoiles\/\" \/>\n<meta property=\"og:locale\" content=\"en_US\" \/>\n<meta property=\"og:type\" content=\"article\" \/>\n<meta property=\"og:title\" content=\"Art\u00e8res au Coin Aux Etoiles. - L&#039;\u00e9tincelle\" \/>\n<meta property=\"og:description\" content=\"C\u2019est autour d\u2019un feu de joie qu\u2019Art\u00e8res interpr\u00e9tera trois morceaux acoustiques, ce premier d\u00e9cembre lors de l\u2019inauguration du Coin Aux \u00c9toiles, nouvelle salle culturelle qui vise \u00e0 offrir un espace de cr\u00e9ation, d\u2019expression et de promotion aux artistes des mots, &hellip; Continue reading &rarr;\" \/>\n<meta property=\"og:url\" content=\"http:\/\/anomaltribu.com\/etincelle\/2012\/11\/25\/arteres-au-coin-aux-etoiles\/\" \/>\n<meta property=\"og:site_name\" content=\"L&#039;\u00e9tincelle\" \/>\n<meta property=\"article:publisher\" content=\"https:\/\/www.facebook.com\/athaneadrahane\/\" \/>\n<meta property=\"article:published_time\" content=\"2012-11-25T01:45:13+00:00\" \/>\n<meta property=\"article:modified_time\" content=\"2013-03-30T01:47:29+00:00\" \/>\n<meta name=\"twitter:card\" content=\"summary_large_image\" \/>\n<script type=\"application\/ld+json\" class=\"yoast-schema-graph\">{\"@context\":\"https:\/\/schema.org\",\"@graph\":[{\"@type\":\"WebSite\",\"@id\":\"http:\/\/anomaltribu.com\/etincelle\/#website\",\"url\":\"http:\/\/anomaltribu.com\/etincelle\/\",\"name\":\"L&#039;\\u00e9tincelle\",\"description\":\"Le Journal de bord d&#039;Anomal Tribu\",\"potentialAction\":[{\"@type\":\"SearchAction\",\"target\":\"http:\/\/anomaltribu.com\/etincelle\/?s={search_term_string}\",\"query-input\":\"required name=search_term_string\"}],\"inLanguage\":\"en-US\"},{\"@type\":\"WebPage\",\"@id\":\"http:\/\/anomaltribu.com\/etincelle\/2012\/11\/25\/arteres-au-coin-aux-etoiles\/#webpage\",\"url\":\"http:\/\/anomaltribu.com\/etincelle\/2012\/11\/25\/arteres-au-coin-aux-etoiles\/\",\"name\":\"Art\\u00e8res au Coin Aux Etoiles. - L&#039;\\u00e9tincelle\",\"isPartOf\":{\"@id\":\"http:\/\/anomaltribu.com\/etincelle\/#website\"},\"datePublished\":\"2012-11-25T01:45:13+00:00\",\"dateModified\":\"2013-03-30T01:47:29+00:00\",\"author\":{\"@id\":\"http:\/\/anomaltribu.com\/etincelle\/#\/schema\/person\/3bbd93e0475cdfbd1065570dec02dc8c\"},\"breadcrumb\":{\"@id\":\"http:\/\/anomaltribu.com\/etincelle\/2012\/11\/25\/arteres-au-coin-aux-etoiles\/#breadcrumb\"},\"inLanguage\":\"en-US\",\"potentialAction\":[{\"@type\":\"ReadAction\",\"target\":[\"http:\/\/anomaltribu.com\/etincelle\/2012\/11\/25\/arteres-au-coin-aux-etoiles\/\"]}]},{\"@type\":\"BreadcrumbList\",\"@id\":\"http:\/\/anomaltribu.com\/etincelle\/2012\/11\/25\/arteres-au-coin-aux-etoiles\/#breadcrumb\",\"itemListElement\":[{\"@type\":\"ListItem\",\"position\":1,\"item\":{\"@type\":\"WebPage\",\"@id\":\"http:\/\/anomaltribu.com\/etincelle\/\",\"url\":\"http:\/\/anomaltribu.com\/etincelle\/\",\"name\":\"Home\"}},{\"@type\":\"ListItem\",\"position\":2,\"item\":{\"@type\":\"WebPage\",\"@id\":\"http:\/\/anomaltribu.com\/etincelle\/2012\/11\/25\/arteres-au-coin-aux-etoiles\/\",\"url\":\"http:\/\/anomaltribu.com\/etincelle\/2012\/11\/25\/arteres-au-coin-aux-etoiles\/\",\"name\":\"Art\\u00e8res au Coin Aux Etoiles.\"}}]},{\"@type\":\"Person\",\"@id\":\"http:\/\/anomaltribu.com\/etincelle\/#\/schema\/person\/3bbd93e0475cdfbd1065570dec02dc8c\",\"name\":\"Anomal Tribu\",\"image\":{\"@type\":\"ImageObject\",\"@id\":\"http:\/\/anomaltribu.com\/etincelle\/#personlogo\",\"inLanguage\":\"en-US\",\"url\":\"http:\/\/0.gravatar.com\/avatar\/98a50fa42caed003a6c2af3ad9853bdf?s=96&d=mm&r=g\",\"caption\":\"Anomal Tribu\"}}]}<\/script>\n<!-- \/ Yoast SEO plugin. -->","jetpack_featured_media_url":"","jetpack_likes_enabled":true,"jetpack_sharing_enabled":true,"_links":{"self":[{"href":"http:\/\/anomaltribu.com\/etincelle\/wp-json\/wp\/v2\/posts\/159"}],"collection":[{"href":"http:\/\/anomaltribu.com\/etincelle\/wp-json\/wp\/v2\/posts"}],"about":[{"href":"http:\/\/anomaltribu.com\/etincelle\/wp-json\/wp\/v2\/types\/post"}],"author":[{"embeddable":true,"href":"http:\/\/anomaltribu.com\/etincelle\/wp-json\/wp\/v2\/users\/1"}],"replies":[{"embeddable":true,"href":"http:\/\/anomaltribu.com\/etincelle\/wp-json\/wp\/v2\/comments?post=159"}],"version-history":[{"count":2,"href":"http:\/\/anomaltribu.com\/etincelle\/wp-json\/wp\/v2\/posts\/159\/revisions"}],"predecessor-version":[{"id":161,"href":"http:\/\/anomaltribu.com\/etincelle\/wp-json\/wp\/v2\/posts\/159\/revisions\/161"}],"wp:attachment":[{"href":"http:\/\/anomaltribu.com\/etincelle\/wp-json\/wp\/v2\/media?parent=159"}],"wp:term":[{"taxonomy":"category","embeddable":true,"href":"http:\/\/anomaltribu.com\/etincelle\/wp-json\/wp\/v2\/categories?post=159"},{"taxonomy":"post_tag","embeddable":true,"href":"http:\/\/anomaltribu.com\/etincelle\/wp-json\/wp\/v2\/tags?post=159"}],"curies":[{"name":"wp","href":"https:\/\/api.w.org\/{rel}","templated":true}]}}