{"id":153,"date":"2013-03-25T01:30:11","date_gmt":"2013-03-25T01:30:11","guid":{"rendered":"http:\/\/anomaltribu.com\/etincelles\/?p=153"},"modified":"2014-09-19T23:53:39","modified_gmt":"2014-09-19T23:53:39","slug":"debat-spectacle-autour-de-la-creation-artistique-avec-athane-adrahane-le-samedi-6-avril-2013","status":"publish","type":"post","link":"http:\/\/anomaltribu.com\/etincelle\/2013\/03\/25\/debat-spectacle-autour-de-la-creation-artistique-avec-athane-adrahane-le-samedi-6-avril-2013\/","title":{"rendered":"D\u00e9bat-spectacle autour de la cr\u00e9ation artistique avec Athane Adrahane, le samedi 6 avril 2013."},"content":{"rendered":"<p>La soir\u00e9e sera anim\u00e9e par Florian Houdart, peupl\u00e9e par une danse d&#8217; Arnaud Hos sur un morceau d&#8217;Art\u00e8res (Or\u00e9ade), agit\u00e9e par le rap de Flaw et color\u00e9e par les photographies de Guillaume Sens Deterre et Athane Adrahane.<\/p>\n<p>Lieux: Le coin aux \u00e9toiles,\u00a079\u00a0Rue Notre Dame, 7000, Mons.<\/p>\n<p>Heures: 20 heures<\/p>\n<p>photos de la soir\u00e9e par Guillaume Sens Deterre:<!--more--><\/p>\n<p>&nbsp;<\/p>\n<p><a href=\"http:\/\/anomaltribu.com\/etincelle\/wp-content\/uploads\/2013\/03\/IMG_6679_DxO.jpg\">\n\t\t<style type=\"text\/css\">\n\t\t\t#gallery-1 {\n\t\t\t\tmargin: auto;\n\t\t\t}\n\t\t\t#gallery-1 .gallery-item {\n\t\t\t\tfloat: left;\n\t\t\t\tmargin-top: 10px;\n\t\t\t\ttext-align: center;\n\t\t\t\twidth: 33%;\n\t\t\t}\n\t\t\t#gallery-1 img {\n\t\t\t\tborder: 2px solid #cfcfcf;\n\t\t\t}\n\t\t\t#gallery-1 .gallery-caption {\n\t\t\t\tmargin-left: 0;\n\t\t\t}\n\t\t\t\/* see gallery_shortcode() in wp-includes\/media.php *\/\n\t\t<\/style>\n\t\t<div id='gallery-1' class='gallery galleryid-153 gallery-columns-3 gallery-size-thumbnail'><dl class='gallery-item'>\n\t\t\t<dt class='gallery-icon landscape'>\n\t\t\t\t<a href='http:\/\/anomaltribu.com\/etincelle\/2013\/03\/25\/debat-spectacle-autour-de-la-creation-artistique-avec-athane-adrahane-le-samedi-6-avril-2013\/img_6683_dxo\/'><img width=\"150\" height=\"150\" src=\"http:\/\/anomaltribu.com\/etincelle\/wp-content\/uploads\/2013\/03\/IMG_6683_DxO-150x150.jpg\" class=\"attachment-thumbnail size-thumbnail\" alt=\"\" loading=\"lazy\" \/><\/a>\n\t\t\t<\/dt><\/dl><dl class='gallery-item'>\n\t\t\t<dt class='gallery-icon landscape'>\n\t\t\t\t<a href='http:\/\/anomaltribu.com\/etincelle\/2013\/03\/25\/debat-spectacle-autour-de-la-creation-artistique-avec-athane-adrahane-le-samedi-6-avril-2013\/img_6679_dxo\/'><img width=\"150\" height=\"150\" src=\"http:\/\/anomaltribu.com\/etincelle\/wp-content\/uploads\/2013\/03\/IMG_6679_DxO-150x150.jpg\" class=\"attachment-thumbnail size-thumbnail\" alt=\"\" loading=\"lazy\" \/><\/a>\n\t\t\t<\/dt><\/dl><dl class='gallery-item'>\n\t\t\t<dt class='gallery-icon landscape'>\n\t\t\t\t<a href='http:\/\/anomaltribu.com\/etincelle\/2013\/03\/25\/debat-spectacle-autour-de-la-creation-artistique-avec-athane-adrahane-le-samedi-6-avril-2013\/img_6674_dxo\/'><img width=\"150\" height=\"150\" src=\"http:\/\/anomaltribu.com\/etincelle\/wp-content\/uploads\/2013\/03\/IMG_6674_DxO-150x150.jpg\" class=\"attachment-thumbnail size-thumbnail\" alt=\"\" loading=\"lazy\" \/><\/a>\n\t\t\t<\/dt><\/dl><br style=\"clear: both\" \/><dl class='gallery-item'>\n\t\t\t<dt class='gallery-icon portrait'>\n\t\t\t\t<a href='http:\/\/anomaltribu.com\/etincelle\/2013\/03\/25\/debat-spectacle-autour-de-la-creation-artistique-avec-athane-adrahane-le-samedi-6-avril-2013\/img_6693_dxo\/'><img width=\"150\" height=\"150\" src=\"http:\/\/anomaltribu.com\/etincelle\/wp-content\/uploads\/2013\/03\/IMG_6693_DxO-150x150.jpg\" class=\"attachment-thumbnail size-thumbnail\" alt=\"\" loading=\"lazy\" \/><\/a>\n\t\t\t<\/dt><\/dl><dl class='gallery-item'>\n\t\t\t<dt class='gallery-icon portrait'>\n\t\t\t\t<a href='http:\/\/anomaltribu.com\/etincelle\/2013\/03\/25\/debat-spectacle-autour-de-la-creation-artistique-avec-athane-adrahane-le-samedi-6-avril-2013\/img_6698_dxo\/'><img width=\"150\" height=\"150\" src=\"http:\/\/anomaltribu.com\/etincelle\/wp-content\/uploads\/2013\/03\/IMG_6698_DxO-150x150.jpg\" class=\"attachment-thumbnail size-thumbnail\" alt=\"\" loading=\"lazy\" \/><\/a>\n\t\t\t<\/dt><\/dl>\n\t\t\t<br style='clear: both' \/>\n\t\t<\/div>\n<\/p>\n<p><\/a><\/p>\n<p>&nbsp;<\/p>\n<p>&nbsp;<\/p>\n<p>&nbsp;<\/p>\n<p>&nbsp;<\/p>\n<p>&nbsp;<\/p>\n","protected":false},"excerpt":{"rendered":"<p>La soir\u00e9e sera anim\u00e9e par Florian Houdart, peupl\u00e9e par une danse d&#8217; Arnaud Hos sur un morceau d&#8217;Art\u00e8res (Or\u00e9ade), agit\u00e9e par le rap de Flaw et color\u00e9e par les photographies de Guillaume Sens Deterre et Athane Adrahane. Lieux: Le coin &hellip; <a href=\"http:\/\/anomaltribu.com\/etincelle\/2013\/03\/25\/debat-spectacle-autour-de-la-creation-artistique-avec-athane-adrahane-le-samedi-6-avril-2013\/\">Continue reading <span class=\"meta-nav\">&rarr;<\/span><\/a><\/p>\n","protected":false},"author":1,"featured_media":0,"comment_status":"open","ping_status":"open","sticky":false,"template":"","format":"standard","meta":{"spay_email":""},"categories":[11],"tags":[43],"yoast_head":"<!-- This site is optimized with the Yoast SEO plugin v16.0.2 - https:\/\/yoast.com\/wordpress\/plugins\/seo\/ -->\n<link rel=\"canonical\" href=\"http:\/\/anomaltribu.com\/etincelle\/2013\/03\/25\/debat-spectacle-autour-de-la-creation-artistique-avec-athane-adrahane-le-samedi-6-avril-2013\/\" \/>\n<meta property=\"og:locale\" content=\"en_US\" \/>\n<meta property=\"og:type\" content=\"article\" \/>\n<meta property=\"og:title\" content=\"D\u00e9bat-spectacle autour de la cr\u00e9ation artistique avec Athane Adrahane, le samedi 6 avril 2013. - L&#039;\u00e9tincelle\" \/>\n<meta property=\"og:description\" content=\"La soir\u00e9e sera anim\u00e9e par Florian Houdart, peupl\u00e9e par une danse d&#8217; Arnaud Hos sur un morceau d&#8217;Art\u00e8res (Or\u00e9ade), agit\u00e9e par le rap de Flaw et color\u00e9e par les photographies de Guillaume Sens Deterre et Athane Adrahane. Lieux: Le coin &hellip; Continue reading &rarr;\" \/>\n<meta property=\"og:url\" content=\"http:\/\/anomaltribu.com\/etincelle\/2013\/03\/25\/debat-spectacle-autour-de-la-creation-artistique-avec-athane-adrahane-le-samedi-6-avril-2013\/\" \/>\n<meta property=\"og:site_name\" content=\"L&#039;\u00e9tincelle\" \/>\n<meta property=\"article:publisher\" content=\"https:\/\/www.facebook.com\/athaneadrahane\/\" \/>\n<meta property=\"article:published_time\" content=\"2013-03-25T01:30:11+00:00\" \/>\n<meta property=\"article:modified_time\" content=\"2014-09-19T23:53:39+00:00\" \/>\n<meta property=\"og:image\" content=\"http:\/\/anomaltribu.com\/etincelle\/wp-content\/uploads\/2013\/03\/IMG_6683_DxO-150x150.jpg\" \/>\n<meta name=\"twitter:card\" content=\"summary_large_image\" \/>\n<script type=\"application\/ld+json\" class=\"yoast-schema-graph\">{\"@context\":\"https:\/\/schema.org\",\"@graph\":[{\"@type\":\"WebSite\",\"@id\":\"http:\/\/anomaltribu.com\/etincelle\/#website\",\"url\":\"http:\/\/anomaltribu.com\/etincelle\/\",\"name\":\"L&#039;\\u00e9tincelle\",\"description\":\"Le Journal de bord d&#039;Anomal Tribu\",\"potentialAction\":[{\"@type\":\"SearchAction\",\"target\":\"http:\/\/anomaltribu.com\/etincelle\/?s={search_term_string}\",\"query-input\":\"required name=search_term_string\"}],\"inLanguage\":\"en-US\"},{\"@type\":\"WebPage\",\"@id\":\"http:\/\/anomaltribu.com\/etincelle\/2013\/03\/25\/debat-spectacle-autour-de-la-creation-artistique-avec-athane-adrahane-le-samedi-6-avril-2013\/#webpage\",\"url\":\"http:\/\/anomaltribu.com\/etincelle\/2013\/03\/25\/debat-spectacle-autour-de-la-creation-artistique-avec-athane-adrahane-le-samedi-6-avril-2013\/\",\"name\":\"D\\u00e9bat-spectacle autour de la cr\\u00e9ation artistique avec Athane Adrahane, le samedi 6 avril 2013. - L&#039;\\u00e9tincelle\",\"isPartOf\":{\"@id\":\"http:\/\/anomaltribu.com\/etincelle\/#website\"},\"datePublished\":\"2013-03-25T01:30:11+00:00\",\"dateModified\":\"2014-09-19T23:53:39+00:00\",\"author\":{\"@id\":\"http:\/\/anomaltribu.com\/etincelle\/#\/schema\/person\/3bbd93e0475cdfbd1065570dec02dc8c\"},\"breadcrumb\":{\"@id\":\"http:\/\/anomaltribu.com\/etincelle\/2013\/03\/25\/debat-spectacle-autour-de-la-creation-artistique-avec-athane-adrahane-le-samedi-6-avril-2013\/#breadcrumb\"},\"inLanguage\":\"en-US\",\"potentialAction\":[{\"@type\":\"ReadAction\",\"target\":[\"http:\/\/anomaltribu.com\/etincelle\/2013\/03\/25\/debat-spectacle-autour-de-la-creation-artistique-avec-athane-adrahane-le-samedi-6-avril-2013\/\"]}]},{\"@type\":\"BreadcrumbList\",\"@id\":\"http:\/\/anomaltribu.com\/etincelle\/2013\/03\/25\/debat-spectacle-autour-de-la-creation-artistique-avec-athane-adrahane-le-samedi-6-avril-2013\/#breadcrumb\",\"itemListElement\":[{\"@type\":\"ListItem\",\"position\":1,\"item\":{\"@type\":\"WebPage\",\"@id\":\"http:\/\/anomaltribu.com\/etincelle\/\",\"url\":\"http:\/\/anomaltribu.com\/etincelle\/\",\"name\":\"Home\"}},{\"@type\":\"ListItem\",\"position\":2,\"item\":{\"@type\":\"WebPage\",\"@id\":\"http:\/\/anomaltribu.com\/etincelle\/2013\/03\/25\/debat-spectacle-autour-de-la-creation-artistique-avec-athane-adrahane-le-samedi-6-avril-2013\/\",\"url\":\"http:\/\/anomaltribu.com\/etincelle\/2013\/03\/25\/debat-spectacle-autour-de-la-creation-artistique-avec-athane-adrahane-le-samedi-6-avril-2013\/\",\"name\":\"D\\u00e9bat-spectacle autour de la cr\\u00e9ation artistique avec Athane Adrahane, le samedi 6 avril 2013.\"}}]},{\"@type\":\"Person\",\"@id\":\"http:\/\/anomaltribu.com\/etincelle\/#\/schema\/person\/3bbd93e0475cdfbd1065570dec02dc8c\",\"name\":\"Anomal Tribu\",\"image\":{\"@type\":\"ImageObject\",\"@id\":\"http:\/\/anomaltribu.com\/etincelle\/#personlogo\",\"inLanguage\":\"en-US\",\"url\":\"http:\/\/0.gravatar.com\/avatar\/98a50fa42caed003a6c2af3ad9853bdf?s=96&d=mm&r=g\",\"caption\":\"Anomal Tribu\"}}]}<\/script>\n<!-- \/ Yoast SEO plugin. -->","jetpack_featured_media_url":"","jetpack_likes_enabled":true,"jetpack_sharing_enabled":true,"_links":{"self":[{"href":"http:\/\/anomaltribu.com\/etincelle\/wp-json\/wp\/v2\/posts\/153"}],"collection":[{"href":"http:\/\/anomaltribu.com\/etincelle\/wp-json\/wp\/v2\/posts"}],"about":[{"href":"http:\/\/anomaltribu.com\/etincelle\/wp-json\/wp\/v2\/types\/post"}],"author":[{"embeddable":true,"href":"http:\/\/anomaltribu.com\/etincelle\/wp-json\/wp\/v2\/users\/1"}],"replies":[{"embeddable":true,"href":"http:\/\/anomaltribu.com\/etincelle\/wp-json\/wp\/v2\/comments?post=153"}],"version-history":[{"count":9,"href":"http:\/\/anomaltribu.com\/etincelle\/wp-json\/wp\/v2\/posts\/153\/revisions"}],"predecessor-version":[{"id":155,"href":"http:\/\/anomaltribu.com\/etincelle\/wp-json\/wp\/v2\/posts\/153\/revisions\/155"}],"wp:attachment":[{"href":"http:\/\/anomaltribu.com\/etincelle\/wp-json\/wp\/v2\/media?parent=153"}],"wp:term":[{"taxonomy":"category","embeddable":true,"href":"http:\/\/anomaltribu.com\/etincelle\/wp-json\/wp\/v2\/categories?post=153"},{"taxonomy":"post_tag","embeddable":true,"href":"http:\/\/anomaltribu.com\/etincelle\/wp-json\/wp\/v2\/tags?post=153"}],"curies":[{"name":"wp","href":"https:\/\/api.w.org\/{rel}","templated":true}]}}