{"id":1491,"date":"2022-01-09T21:56:00","date_gmt":"2022-01-09T21:56:00","guid":{"rendered":"http:\/\/anomaltribu.com\/etincelle\/?p=1491"},"modified":"2022-02-15T21:59:27","modified_gmt":"2022-02-15T21:59:27","slug":"la-ou-fleurissent-les-graines-dune-sauvage-sagesse-urbaine-par-athane-adrahane","status":"publish","type":"post","link":"http:\/\/anomaltribu.com\/etincelle\/2022\/01\/09\/la-ou-fleurissent-les-graines-dune-sauvage-sagesse-urbaine-par-athane-adrahane\/","title":{"rendered":"L\u00e0 o\u00f9 fleurissent les graines d\u2019une sauvage sagesse urbaine. Par Athane Adrahane"},"content":{"rendered":"\n<p class=\"has-text-align-center\"><img loading=\"lazy\" width=\"2560\" height=\"1781\" class=\"wp-image-1472\" style=\"width: 380px;\" src=\"http:\/\/anomaltribu.com\/etincelle\/wp-content\/uploads\/2022\/01\/sauvage-urbain-scaled.jpg\" alt=\"\" srcset=\"http:\/\/anomaltribu.com\/etincelle\/wp-content\/uploads\/2022\/01\/sauvage-urbain-scaled.jpg 2560w, http:\/\/anomaltribu.com\/etincelle\/wp-content\/uploads\/2022\/01\/sauvage-urbain-300x209.jpg 300w, http:\/\/anomaltribu.com\/etincelle\/wp-content\/uploads\/2022\/01\/sauvage-urbain-1024x712.jpg 1024w, http:\/\/anomaltribu.com\/etincelle\/wp-content\/uploads\/2022\/01\/sauvage-urbain-768x534.jpg 768w, http:\/\/anomaltribu.com\/etincelle\/wp-content\/uploads\/2022\/01\/sauvage-urbain-1536x1068.jpg 1536w, http:\/\/anomaltribu.com\/etincelle\/wp-content\/uploads\/2022\/01\/sauvage-urbain-2048x1425.jpg 2048w, http:\/\/anomaltribu.com\/etincelle\/wp-content\/uploads\/2022\/01\/sauvage-urbain-431x300.jpg 431w\" sizes=\"(max-width: 2560px) 100vw, 2560px\" \/><\/p>\n\n\n\n<p>In R\u00e9enchanter le sauvage urbain (II) sous la direction de Sylvain Rode, H\u00e9l\u00e8ne Schmutz et B\u00e9n\u00e9dicte Meillon<\/p>\n\n\n\n<p>Revue <em>Textes &amp; Contextes<\/em>. Universit\u00e9 de Bourgogne.<\/p>\n\n\n\n<p class=\"has-text-align-left\">Le sauvage urbain semble sonner comme un oxymore. La contraction de deux termes dont les sens seraient \u00e9loign\u00e9s, tenus dans deux mondes s\u00e9par\u00e9s. Comment faire sonner ensemble, mettre en chant ces deux mots, ces deux voix aux mani\u00e8res divergentes\u00a0? D\u2019un c\u00f4t\u00e9, chanter le sauvage, donner voix \u00e0 la libre prolif\u00e9ration des tr\u00e9pidations primordiales, \u00e0 cette nature tout en indocilit\u00e9, force dionysiaque, volcanique, grognante, puissance rebelle teint\u00e9e de d\u00e9sob\u00e9issance civile d\u00e8s lors qu\u2019op\u00e8re une mise en plis tout en violence de sa nature profonde, barbare, rustre, non urbaine, voire impolie, m\u00eame inhospitali\u00e8re ! Femme sauvage, celle qui chante avec les loups, qui ne plie pas le genou, sorci\u00e8re vocalisant les terres du ventre (&#8230;)<\/p>\n\n\n\n<p>Pour lire la suite : <a href=\"https:\/\/preo.u-bourgogne.fr\/textesetcontextes\/index.php?id=3321\">https:\/\/preo.u-bourgogne.fr\/textesetcontextes\/index.php?id=3321<\/a><\/p>\n\n\n\n<p><\/p>\n","protected":false},"excerpt":{"rendered":"<p>In R\u00e9enchanter le sauvage urbain (II) sous la direction de Sylvain Rode, H\u00e9l\u00e8ne Schmutz et B\u00e9n\u00e9dicte Meillon Revue Textes &amp; Contextes. Universit\u00e9 de Bourgogne. Pour lire la suite : https:\/\/preo.u-bourgogne.fr\/textesetcontextes\/index.php?id=3321<\/p>\n","protected":false},"author":1,"featured_media":0,"comment_status":"open","ping_status":"open","sticky":false,"template":"","format":"standard","meta":{"spay_email":""},"categories":[1],"tags":[],"yoast_head":"<!-- This site is optimized with the Yoast SEO plugin v16.0.2 - https:\/\/yoast.com\/wordpress\/plugins\/seo\/ -->\n<link rel=\"canonical\" href=\"http:\/\/anomaltribu.com\/etincelle\/2022\/01\/09\/la-ou-fleurissent-les-graines-dune-sauvage-sagesse-urbaine-par-athane-adrahane\/\" \/>\n<meta property=\"og:locale\" content=\"en_US\" \/>\n<meta property=\"og:type\" content=\"article\" \/>\n<meta property=\"og:title\" content=\"L\u00e0 o\u00f9 fleurissent les graines d\u2019une sauvage sagesse urbaine. Par Athane Adrahane - L&#039;\u00e9tincelle\" \/>\n<meta property=\"og:description\" content=\"In R\u00e9enchanter le sauvage urbain (II) sous la direction de Sylvain Rode, H\u00e9l\u00e8ne Schmutz et B\u00e9n\u00e9dicte Meillon Revue Textes &amp; Contextes. Universit\u00e9 de Bourgogne. Pour lire la suite : https:\/\/preo.u-bourgogne.fr\/textesetcontextes\/index.php?id=3321\" \/>\n<meta property=\"og:url\" content=\"http:\/\/anomaltribu.com\/etincelle\/2022\/01\/09\/la-ou-fleurissent-les-graines-dune-sauvage-sagesse-urbaine-par-athane-adrahane\/\" \/>\n<meta property=\"og:site_name\" content=\"L&#039;\u00e9tincelle\" \/>\n<meta property=\"article:publisher\" content=\"https:\/\/www.facebook.com\/athaneadrahane\/\" \/>\n<meta property=\"article:published_time\" content=\"2022-01-09T21:56:00+00:00\" \/>\n<meta property=\"article:modified_time\" content=\"2022-02-15T21:59:27+00:00\" \/>\n<meta property=\"og:image\" content=\"http:\/\/anomaltribu.com\/etincelle\/wp-content\/uploads\/2022\/01\/sauvage-urbain-scaled.jpg\" \/>\n<meta name=\"twitter:card\" content=\"summary_large_image\" \/>\n<meta name=\"twitter:label1\" content=\"Est. reading time\">\n\t<meta name=\"twitter:data1\" content=\"1 minute\">\n<script type=\"application\/ld+json\" class=\"yoast-schema-graph\">{\"@context\":\"https:\/\/schema.org\",\"@graph\":[{\"@type\":\"WebSite\",\"@id\":\"http:\/\/anomaltribu.com\/etincelle\/#website\",\"url\":\"http:\/\/anomaltribu.com\/etincelle\/\",\"name\":\"L&#039;\\u00e9tincelle\",\"description\":\"Le Journal de bord d&#039;Anomal Tribu\",\"potentialAction\":[{\"@type\":\"SearchAction\",\"target\":\"http:\/\/anomaltribu.com\/etincelle\/?s={search_term_string}\",\"query-input\":\"required name=search_term_string\"}],\"inLanguage\":\"en-US\"},{\"@type\":\"ImageObject\",\"@id\":\"http:\/\/anomaltribu.com\/etincelle\/2022\/01\/09\/la-ou-fleurissent-les-graines-dune-sauvage-sagesse-urbaine-par-athane-adrahane\/#primaryimage\",\"inLanguage\":\"en-US\",\"url\":\"http:\/\/anomaltribu.com\/etincelle\/wp-content\/uploads\/2022\/01\/sauvage-urbain-scaled.jpg\",\"width\":2560,\"height\":1781},{\"@type\":\"WebPage\",\"@id\":\"http:\/\/anomaltribu.com\/etincelle\/2022\/01\/09\/la-ou-fleurissent-les-graines-dune-sauvage-sagesse-urbaine-par-athane-adrahane\/#webpage\",\"url\":\"http:\/\/anomaltribu.com\/etincelle\/2022\/01\/09\/la-ou-fleurissent-les-graines-dune-sauvage-sagesse-urbaine-par-athane-adrahane\/\",\"name\":\"L\\u00e0 o\\u00f9 fleurissent les graines d\\u2019une sauvage sagesse urbaine. Par Athane Adrahane - L&#039;\\u00e9tincelle\",\"isPartOf\":{\"@id\":\"http:\/\/anomaltribu.com\/etincelle\/#website\"},\"primaryImageOfPage\":{\"@id\":\"http:\/\/anomaltribu.com\/etincelle\/2022\/01\/09\/la-ou-fleurissent-les-graines-dune-sauvage-sagesse-urbaine-par-athane-adrahane\/#primaryimage\"},\"datePublished\":\"2022-01-09T21:56:00+00:00\",\"dateModified\":\"2022-02-15T21:59:27+00:00\",\"author\":{\"@id\":\"http:\/\/anomaltribu.com\/etincelle\/#\/schema\/person\/3bbd93e0475cdfbd1065570dec02dc8c\"},\"breadcrumb\":{\"@id\":\"http:\/\/anomaltribu.com\/etincelle\/2022\/01\/09\/la-ou-fleurissent-les-graines-dune-sauvage-sagesse-urbaine-par-athane-adrahane\/#breadcrumb\"},\"inLanguage\":\"en-US\",\"potentialAction\":[{\"@type\":\"ReadAction\",\"target\":[\"http:\/\/anomaltribu.com\/etincelle\/2022\/01\/09\/la-ou-fleurissent-les-graines-dune-sauvage-sagesse-urbaine-par-athane-adrahane\/\"]}]},{\"@type\":\"BreadcrumbList\",\"@id\":\"http:\/\/anomaltribu.com\/etincelle\/2022\/01\/09\/la-ou-fleurissent-les-graines-dune-sauvage-sagesse-urbaine-par-athane-adrahane\/#breadcrumb\",\"itemListElement\":[{\"@type\":\"ListItem\",\"position\":1,\"item\":{\"@type\":\"WebPage\",\"@id\":\"http:\/\/anomaltribu.com\/etincelle\/\",\"url\":\"http:\/\/anomaltribu.com\/etincelle\/\",\"name\":\"Home\"}},{\"@type\":\"ListItem\",\"position\":2,\"item\":{\"@type\":\"WebPage\",\"@id\":\"http:\/\/anomaltribu.com\/etincelle\/2022\/01\/09\/la-ou-fleurissent-les-graines-dune-sauvage-sagesse-urbaine-par-athane-adrahane\/\",\"url\":\"http:\/\/anomaltribu.com\/etincelle\/2022\/01\/09\/la-ou-fleurissent-les-graines-dune-sauvage-sagesse-urbaine-par-athane-adrahane\/\",\"name\":\"L\\u00e0 o\\u00f9 fleurissent les graines d\\u2019une sauvage sagesse urbaine. Par Athane Adrahane\"}}]},{\"@type\":\"Person\",\"@id\":\"http:\/\/anomaltribu.com\/etincelle\/#\/schema\/person\/3bbd93e0475cdfbd1065570dec02dc8c\",\"name\":\"Anomal Tribu\",\"image\":{\"@type\":\"ImageObject\",\"@id\":\"http:\/\/anomaltribu.com\/etincelle\/#personlogo\",\"inLanguage\":\"en-US\",\"url\":\"http:\/\/0.gravatar.com\/avatar\/98a50fa42caed003a6c2af3ad9853bdf?s=96&d=mm&r=g\",\"caption\":\"Anomal Tribu\"}}]}<\/script>\n<!-- \/ Yoast SEO plugin. -->","jetpack_featured_media_url":"","jetpack_likes_enabled":true,"jetpack_sharing_enabled":true,"_links":{"self":[{"href":"http:\/\/anomaltribu.com\/etincelle\/wp-json\/wp\/v2\/posts\/1491"}],"collection":[{"href":"http:\/\/anomaltribu.com\/etincelle\/wp-json\/wp\/v2\/posts"}],"about":[{"href":"http:\/\/anomaltribu.com\/etincelle\/wp-json\/wp\/v2\/types\/post"}],"author":[{"embeddable":true,"href":"http:\/\/anomaltribu.com\/etincelle\/wp-json\/wp\/v2\/users\/1"}],"replies":[{"embeddable":true,"href":"http:\/\/anomaltribu.com\/etincelle\/wp-json\/wp\/v2\/comments?post=1491"}],"version-history":[{"count":4,"href":"http:\/\/anomaltribu.com\/etincelle\/wp-json\/wp\/v2\/posts\/1491\/revisions"}],"predecessor-version":[{"id":1496,"href":"http:\/\/anomaltribu.com\/etincelle\/wp-json\/wp\/v2\/posts\/1491\/revisions\/1496"}],"wp:attachment":[{"href":"http:\/\/anomaltribu.com\/etincelle\/wp-json\/wp\/v2\/media?parent=1491"}],"wp:term":[{"taxonomy":"category","embeddable":true,"href":"http:\/\/anomaltribu.com\/etincelle\/wp-json\/wp\/v2\/categories?post=1491"},{"taxonomy":"post_tag","embeddable":true,"href":"http:\/\/anomaltribu.com\/etincelle\/wp-json\/wp\/v2\/tags?post=1491"}],"curies":[{"name":"wp","href":"https:\/\/api.w.org\/{rel}","templated":true}]}}