{"id":141,"date":"2011-11-23T01:09:51","date_gmt":"2011-11-23T01:09:51","guid":{"rendered":"http:\/\/anomaltribu.com\/etincelles\/?p=141"},"modified":"2013-04-13T21:23:13","modified_gmt":"2013-04-13T21:23:13","slug":"sortie-le-11-decembre-du-clip-video-vent-detoile-darteres","status":"publish","type":"post","link":"http:\/\/anomaltribu.com\/etincelle\/2011\/11\/23\/sortie-le-11-decembre-du-clip-video-vent-detoile-darteres\/","title":{"rendered":"Sortie le 11 d\u00e9cembre du clip vid\u00e9o &#8220;Vent d&#8217;\u00e9toile&#8221; d&#8217;Art\u00e8res"},"content":{"rendered":"<p><a href=\"http:\/\/anomaltribu.com\/etincelle\/wp-content\/uploads\/2011\/12\/vent-dEtoileTitre.jpg\"><img loading=\"lazy\" width=\"300\" height=\"200\" class=\"alignnone  wp-image-203\" alt=\"vent d'EtoileTitre\" src=\"http:\/\/anomaltribu.com\/etincelle\/wp-content\/uploads\/2011\/12\/vent-dEtoileTitre-300x200.jpg\" srcset=\"http:\/\/anomaltribu.com\/etincelle\/wp-content\/uploads\/2011\/12\/vent-dEtoileTitre-300x200.jpg 300w, http:\/\/anomaltribu.com\/etincelle\/wp-content\/uploads\/2011\/12\/vent-dEtoileTitre-450x300.jpg 450w, http:\/\/anomaltribu.com\/etincelle\/wp-content\/uploads\/2011\/12\/vent-dEtoileTitre.jpg 720w\" sizes=\"(max-width: 300px) 100vw, 300px\" \/><\/a><\/p>\n","protected":false},"excerpt":{"rendered":"","protected":false},"author":1,"featured_media":0,"comment_status":"open","ping_status":"open","sticky":false,"template":"","format":"standard","meta":{"spay_email":""},"categories":[19],"tags":[],"yoast_head":"<!-- This site is optimized with the Yoast SEO plugin v16.0.2 - https:\/\/yoast.com\/wordpress\/plugins\/seo\/ -->\n<link rel=\"canonical\" href=\"http:\/\/anomaltribu.com\/etincelle\/2011\/11\/23\/sortie-le-11-decembre-du-clip-video-vent-detoile-darteres\/\" \/>\n<meta property=\"og:locale\" content=\"en_US\" \/>\n<meta property=\"og:type\" content=\"article\" \/>\n<meta property=\"og:title\" content=\"Sortie le 11 d\u00e9cembre du clip vid\u00e9o &quot;Vent d&#039;\u00e9toile&quot; d&#039;Art\u00e8res - L&#039;\u00e9tincelle\" \/>\n<meta property=\"og:url\" content=\"http:\/\/anomaltribu.com\/etincelle\/2011\/11\/23\/sortie-le-11-decembre-du-clip-video-vent-detoile-darteres\/\" \/>\n<meta property=\"og:site_name\" content=\"L&#039;\u00e9tincelle\" \/>\n<meta property=\"article:publisher\" content=\"https:\/\/www.facebook.com\/athaneadrahane\/\" \/>\n<meta property=\"article:published_time\" content=\"2011-11-23T01:09:51+00:00\" \/>\n<meta property=\"article:modified_time\" content=\"2013-04-13T21:23:13+00:00\" \/>\n<meta property=\"og:image\" content=\"http:\/\/anomaltribu.com\/etincelle\/wp-content\/uploads\/2011\/12\/vent-dEtoileTitre-300x200.jpg\" \/>\n<meta name=\"twitter:card\" content=\"summary_large_image\" \/>\n<script type=\"application\/ld+json\" class=\"yoast-schema-graph\">{\"@context\":\"https:\/\/schema.org\",\"@graph\":[{\"@type\":\"WebSite\",\"@id\":\"http:\/\/anomaltribu.com\/etincelle\/#website\",\"url\":\"http:\/\/anomaltribu.com\/etincelle\/\",\"name\":\"L&#039;\\u00e9tincelle\",\"description\":\"Le Journal de bord d&#039;Anomal Tribu\",\"potentialAction\":[{\"@type\":\"SearchAction\",\"target\":\"http:\/\/anomaltribu.com\/etincelle\/?s={search_term_string}\",\"query-input\":\"required name=search_term_string\"}],\"inLanguage\":\"en-US\"},{\"@type\":\"ImageObject\",\"@id\":\"http:\/\/anomaltribu.com\/etincelle\/2011\/11\/23\/sortie-le-11-decembre-du-clip-video-vent-detoile-darteres\/#primaryimage\",\"inLanguage\":\"en-US\",\"url\":\"http:\/\/anomaltribu.com\/etincelle\/wp-content\/uploads\/2011\/12\/vent-dEtoileTitre.jpg\",\"width\":720,\"height\":480},{\"@type\":\"WebPage\",\"@id\":\"http:\/\/anomaltribu.com\/etincelle\/2011\/11\/23\/sortie-le-11-decembre-du-clip-video-vent-detoile-darteres\/#webpage\",\"url\":\"http:\/\/anomaltribu.com\/etincelle\/2011\/11\/23\/sortie-le-11-decembre-du-clip-video-vent-detoile-darteres\/\",\"name\":\"Sortie le 11 d\\u00e9cembre du clip vid\\u00e9o \\\"Vent d'\\u00e9toile\\\" d'Art\\u00e8res - L&#039;\\u00e9tincelle\",\"isPartOf\":{\"@id\":\"http:\/\/anomaltribu.com\/etincelle\/#website\"},\"primaryImageOfPage\":{\"@id\":\"http:\/\/anomaltribu.com\/etincelle\/2011\/11\/23\/sortie-le-11-decembre-du-clip-video-vent-detoile-darteres\/#primaryimage\"},\"datePublished\":\"2011-11-23T01:09:51+00:00\",\"dateModified\":\"2013-04-13T21:23:13+00:00\",\"author\":{\"@id\":\"http:\/\/anomaltribu.com\/etincelle\/#\/schema\/person\/3bbd93e0475cdfbd1065570dec02dc8c\"},\"breadcrumb\":{\"@id\":\"http:\/\/anomaltribu.com\/etincelle\/2011\/11\/23\/sortie-le-11-decembre-du-clip-video-vent-detoile-darteres\/#breadcrumb\"},\"inLanguage\":\"en-US\",\"potentialAction\":[{\"@type\":\"ReadAction\",\"target\":[\"http:\/\/anomaltribu.com\/etincelle\/2011\/11\/23\/sortie-le-11-decembre-du-clip-video-vent-detoile-darteres\/\"]}]},{\"@type\":\"BreadcrumbList\",\"@id\":\"http:\/\/anomaltribu.com\/etincelle\/2011\/11\/23\/sortie-le-11-decembre-du-clip-video-vent-detoile-darteres\/#breadcrumb\",\"itemListElement\":[{\"@type\":\"ListItem\",\"position\":1,\"item\":{\"@type\":\"WebPage\",\"@id\":\"http:\/\/anomaltribu.com\/etincelle\/\",\"url\":\"http:\/\/anomaltribu.com\/etincelle\/\",\"name\":\"Home\"}},{\"@type\":\"ListItem\",\"position\":2,\"item\":{\"@type\":\"WebPage\",\"@id\":\"http:\/\/anomaltribu.com\/etincelle\/2011\/11\/23\/sortie-le-11-decembre-du-clip-video-vent-detoile-darteres\/\",\"url\":\"http:\/\/anomaltribu.com\/etincelle\/2011\/11\/23\/sortie-le-11-decembre-du-clip-video-vent-detoile-darteres\/\",\"name\":\"Sortie le 11 d\\u00e9cembre du clip vid\\u00e9o &#8220;Vent d&#8217;\\u00e9toile&#8221; d&#8217;Art\\u00e8res\"}}]},{\"@type\":\"Person\",\"@id\":\"http:\/\/anomaltribu.com\/etincelle\/#\/schema\/person\/3bbd93e0475cdfbd1065570dec02dc8c\",\"name\":\"Anomal Tribu\",\"image\":{\"@type\":\"ImageObject\",\"@id\":\"http:\/\/anomaltribu.com\/etincelle\/#personlogo\",\"inLanguage\":\"en-US\",\"url\":\"http:\/\/0.gravatar.com\/avatar\/98a50fa42caed003a6c2af3ad9853bdf?s=96&d=mm&r=g\",\"caption\":\"Anomal Tribu\"}}]}<\/script>\n<!-- \/ Yoast SEO plugin. -->","jetpack_featured_media_url":"","jetpack_likes_enabled":true,"jetpack_sharing_enabled":true,"_links":{"self":[{"href":"http:\/\/anomaltribu.com\/etincelle\/wp-json\/wp\/v2\/posts\/141"}],"collection":[{"href":"http:\/\/anomaltribu.com\/etincelle\/wp-json\/wp\/v2\/posts"}],"about":[{"href":"http:\/\/anomaltribu.com\/etincelle\/wp-json\/wp\/v2\/types\/post"}],"author":[{"embeddable":true,"href":"http:\/\/anomaltribu.com\/etincelle\/wp-json\/wp\/v2\/users\/1"}],"replies":[{"embeddable":true,"href":"http:\/\/anomaltribu.com\/etincelle\/wp-json\/wp\/v2\/comments?post=141"}],"version-history":[{"count":4,"href":"http:\/\/anomaltribu.com\/etincelle\/wp-json\/wp\/v2\/posts\/141\/revisions"}],"predecessor-version":[{"id":439,"href":"http:\/\/anomaltribu.com\/etincelle\/wp-json\/wp\/v2\/posts\/141\/revisions\/439"}],"wp:attachment":[{"href":"http:\/\/anomaltribu.com\/etincelle\/wp-json\/wp\/v2\/media?parent=141"}],"wp:term":[{"taxonomy":"category","embeddable":true,"href":"http:\/\/anomaltribu.com\/etincelle\/wp-json\/wp\/v2\/categories?post=141"},{"taxonomy":"post_tag","embeddable":true,"href":"http:\/\/anomaltribu.com\/etincelle\/wp-json\/wp\/v2\/tags?post=141"}],"curies":[{"name":"wp","href":"https:\/\/api.w.org\/{rel}","templated":true}]}}