{"id":1322,"date":"2018-04-01T10:38:47","date_gmt":"2018-04-01T10:38:47","guid":{"rendered":"http:\/\/anomaltribu.com\/etincelle\/?p=1322"},"modified":"2021-03-10T22:27:26","modified_gmt":"2021-03-10T22:27:26","slug":"cris-et-ecrits-de-la-nature-lands-furrows-and-sorrows","status":"publish","type":"post","link":"http:\/\/anomaltribu.com\/etincelle\/2018\/04\/01\/cris-et-ecrits-de-la-nature-lands-furrows-and-sorrows\/","title":{"rendered":"\u201cCris et \u00e9crits de la nature\/ Land\u2019s Furrows and Sorrows\u201d"},"content":{"rendered":"<p>Voici un tr\u00e8s beau Colloque international qui aura lieu \u00e0 Toulouse \u201cCris et \u00e9crits de la nature\/ Land\u2019s Furrows and Sorrows\u201d, organis\u00e9 par Fran\u00e7oise Besson, du 5 au 8 avril! Partcipation\u00a0 le 7 avril avec une communication intitul\u00e9e&#8221;De la polyphonie des r\u00e9cits, cris et \u00e9crits de la terre. Pratique de l\u2019attention magique. Pour voir le programme complet : <a href=\"http:\/\/ecopoeticsperpignan.com\/veille_manif\/\" target=\"_blank\" rel=\"nofollow noopener noreferrer\" data-ft=\"{&quot;tn&quot;:&quot;-U&quot;}\" data-lynx-mode=\"asynclazy\" data-lynx-uri=\"https:\/\/l.facebook.com\/l.php?u=http%3A%2F%2Fecopoeticsperpignan.com%2Fveille_manif%2F&amp;h=ATP0IKDP8pxkorEGFlqFhHr2IGw-zQTeNyb1MgBm72WPSjT418fOCEaxm9ufEkqEiDLyBcsuKiDskRSMtWPwyTY-ctLV3Xh1VDTbgRksh6MQ2qWre90_O9wYDy8O95OwK_s2Dpax\">http:\/\/ecopoeticsperpignan.com\/veille_manif\/<\/a><\/p>\n<p><a href=\"http:\/\/anomaltribu.com\/etincelle\/wp-content\/uploads\/2018\/04\/IMG_20180403_205338288-01.jpeg\"><img loading=\"lazy\" class=\"aligncenter  wp-image-1323\" src=\"http:\/\/anomaltribu.com\/etincelle\/wp-content\/uploads\/2018\/04\/IMG_20180403_205338288-01-826x1024.jpeg\" alt=\"IMG_20180403_205338288-01\" width=\"233\" height=\"289\" srcset=\"http:\/\/anomaltribu.com\/etincelle\/wp-content\/uploads\/2018\/04\/IMG_20180403_205338288-01-826x1024.jpeg 826w, http:\/\/anomaltribu.com\/etincelle\/wp-content\/uploads\/2018\/04\/IMG_20180403_205338288-01-242x300.jpeg 242w, http:\/\/anomaltribu.com\/etincelle\/wp-content\/uploads\/2018\/04\/IMG_20180403_205338288-01.jpeg 1840w\" sizes=\"(max-width: 233px) 100vw, 233px\" \/><\/a><\/p>\n<p>Et voici le r\u00e9sum\u00e9 de l&#8217;intervention :<\/p>\n<p><span style=\"font-size: large;\">En toute profondeur, les brames des cerfs colorent l&#8217;atmosph\u00e8re de la montagne. Les hululements d&#8217;une chouette ouvrent l&#8217;esprit aux myst\u00e8res de la nuit. Dans la calligraphie des \u00e9clairs, se lit le r\u00e9cit d&#8217;un \u00e9t\u00e9 qui,enfin, pourra pleurer feu le peuple des arbres d\u00e9cim\u00e9 lors d&#8217;une saison criant s\u00e9cheresse. Au loin, nourrie par l&#8217;orage, la rivi\u00e8re reprend timidement ses vocalises mettant ainsi en respiration cr\u00e9atures ail\u00e9es et \u00eatres feuillus. En tout l\u00e9g\u00e8ret\u00e9, le vent m&#8217;apprend que l\u00e0-bas, des femmes se r\u00e9approprient leur localit\u00e9 en plantant des arbres, qu&#8217;ailleurs d&#8217;autres peuples par leur danses, chants et rituels luttent contre un ol\u00e9oduc, que partout des mains et des pieds \u00e9crivent des partitions accueillant une musique o\u00f9 s&#8217;allient humains et plus qu\u2019humains. <!--more--><\/span><span style=\"font-size: large;\">A cette polyphonie des \u00e9crits du monde, se joint cette proposition de communication po\u00e9tique et philosophique qui donnera \u00e0 sentir et penser la biodiversit\u00e9 des mani\u00e8res de chanter la terre, d&#8217;en manifester les souffles trop souvent en prise avec des situations \u00e9cologiques \u00e0 effet d\u2019asphyxie. C\u2019est en compagnie d<\/span><span style=\"font-size: large;\">e Joanna Macy, <\/span><span style=\"font-size: large;\">Aldo Leopold, Starhawk <\/span><span style=\"font-size: large;\">et <\/span><span style=\"font-size: large;\">David Abram que nous tracerons le paysage de ce que pourrait \u00eatre une subjectivit\u00e9 \u00e9cologique cultivant un savoir polyphonique. Par ce savoir, nous entendons un art de l\u2019attention \u00e0 la diversit\u00e9 des r\u00e9c(r)its qui nous constituent et que nous fabriquons tant individuellement que collectivement.<\/span><\/p>\n","protected":false},"excerpt":{"rendered":"<p>Voici un tr\u00e8s beau Colloque international qui aura lieu \u00e0 Toulouse \u201cCris et \u00e9crits de la nature\/ Land\u2019s Furrows and Sorrows\u201d, organis\u00e9 par Fran\u00e7oise Besson, du 5 au 8 avril! Partcipation\u00a0 le 7 avril avec une communication intitul\u00e9e&#8221;De la polyphonie &hellip; <a href=\"http:\/\/anomaltribu.com\/etincelle\/2018\/04\/01\/cris-et-ecrits-de-la-nature-lands-furrows-and-sorrows\/\">Continue reading <span class=\"meta-nav\">&rarr;<\/span><\/a><\/p>\n","protected":false},"author":1,"featured_media":0,"comment_status":"open","ping_status":"open","sticky":false,"template":"","format":"standard","meta":{"spay_email":""},"categories":[1],"tags":[],"yoast_head":"<!-- This site is optimized with the Yoast SEO plugin v16.0.2 - https:\/\/yoast.com\/wordpress\/plugins\/seo\/ -->\n<link rel=\"canonical\" href=\"http:\/\/anomaltribu.com\/etincelle\/2018\/04\/01\/cris-et-ecrits-de-la-nature-lands-furrows-and-sorrows\/\" \/>\n<meta property=\"og:locale\" content=\"en_US\" \/>\n<meta property=\"og:type\" content=\"article\" \/>\n<meta property=\"og:title\" content=\"\u201cCris et \u00e9crits de la nature\/ Land\u2019s Furrows and Sorrows\u201d - L&#039;\u00e9tincelle\" \/>\n<meta property=\"og:description\" content=\"Voici un tr\u00e8s beau Colloque international qui aura lieu \u00e0 Toulouse \u201cCris et \u00e9crits de la nature\/ Land\u2019s Furrows and Sorrows\u201d, organis\u00e9 par Fran\u00e7oise Besson, du 5 au 8 avril! Partcipation\u00a0 le 7 avril avec une communication intitul\u00e9e&#8221;De la polyphonie &hellip; Continue reading &rarr;\" \/>\n<meta property=\"og:url\" content=\"http:\/\/anomaltribu.com\/etincelle\/2018\/04\/01\/cris-et-ecrits-de-la-nature-lands-furrows-and-sorrows\/\" \/>\n<meta property=\"og:site_name\" content=\"L&#039;\u00e9tincelle\" \/>\n<meta property=\"article:publisher\" content=\"https:\/\/www.facebook.com\/athaneadrahane\/\" \/>\n<meta property=\"article:published_time\" content=\"2018-04-01T10:38:47+00:00\" \/>\n<meta property=\"article:modified_time\" content=\"2021-03-10T22:27:26+00:00\" \/>\n<meta property=\"og:image\" content=\"http:\/\/anomaltribu.com\/etincelle\/wp-content\/uploads\/2018\/04\/IMG_20180403_205338288-01-826x1024.jpeg\" \/>\n<meta name=\"twitter:card\" content=\"summary_large_image\" \/>\n<meta name=\"twitter:label1\" content=\"Est. reading time\">\n\t<meta name=\"twitter:data1\" content=\"2 minutes\">\n<script type=\"application\/ld+json\" class=\"yoast-schema-graph\">{\"@context\":\"https:\/\/schema.org\",\"@graph\":[{\"@type\":\"WebSite\",\"@id\":\"http:\/\/anomaltribu.com\/etincelle\/#website\",\"url\":\"http:\/\/anomaltribu.com\/etincelle\/\",\"name\":\"L&#039;\\u00e9tincelle\",\"description\":\"Le Journal de bord d&#039;Anomal Tribu\",\"potentialAction\":[{\"@type\":\"SearchAction\",\"target\":\"http:\/\/anomaltribu.com\/etincelle\/?s={search_term_string}\",\"query-input\":\"required name=search_term_string\"}],\"inLanguage\":\"en-US\"},{\"@type\":\"ImageObject\",\"@id\":\"http:\/\/anomaltribu.com\/etincelle\/2018\/04\/01\/cris-et-ecrits-de-la-nature-lands-furrows-and-sorrows\/#primaryimage\",\"inLanguage\":\"en-US\",\"url\":\"http:\/\/anomaltribu.com\/etincelle\/wp-content\/uploads\/2018\/04\/IMG_20180403_205338288-01.jpeg\",\"width\":1840,\"height\":2279},{\"@type\":\"WebPage\",\"@id\":\"http:\/\/anomaltribu.com\/etincelle\/2018\/04\/01\/cris-et-ecrits-de-la-nature-lands-furrows-and-sorrows\/#webpage\",\"url\":\"http:\/\/anomaltribu.com\/etincelle\/2018\/04\/01\/cris-et-ecrits-de-la-nature-lands-furrows-and-sorrows\/\",\"name\":\"\\u201cCris et \\u00e9crits de la nature\/ Land\\u2019s Furrows and Sorrows\\u201d - L&#039;\\u00e9tincelle\",\"isPartOf\":{\"@id\":\"http:\/\/anomaltribu.com\/etincelle\/#website\"},\"primaryImageOfPage\":{\"@id\":\"http:\/\/anomaltribu.com\/etincelle\/2018\/04\/01\/cris-et-ecrits-de-la-nature-lands-furrows-and-sorrows\/#primaryimage\"},\"datePublished\":\"2018-04-01T10:38:47+00:00\",\"dateModified\":\"2021-03-10T22:27:26+00:00\",\"author\":{\"@id\":\"http:\/\/anomaltribu.com\/etincelle\/#\/schema\/person\/3bbd93e0475cdfbd1065570dec02dc8c\"},\"breadcrumb\":{\"@id\":\"http:\/\/anomaltribu.com\/etincelle\/2018\/04\/01\/cris-et-ecrits-de-la-nature-lands-furrows-and-sorrows\/#breadcrumb\"},\"inLanguage\":\"en-US\",\"potentialAction\":[{\"@type\":\"ReadAction\",\"target\":[\"http:\/\/anomaltribu.com\/etincelle\/2018\/04\/01\/cris-et-ecrits-de-la-nature-lands-furrows-and-sorrows\/\"]}]},{\"@type\":\"BreadcrumbList\",\"@id\":\"http:\/\/anomaltribu.com\/etincelle\/2018\/04\/01\/cris-et-ecrits-de-la-nature-lands-furrows-and-sorrows\/#breadcrumb\",\"itemListElement\":[{\"@type\":\"ListItem\",\"position\":1,\"item\":{\"@type\":\"WebPage\",\"@id\":\"http:\/\/anomaltribu.com\/etincelle\/\",\"url\":\"http:\/\/anomaltribu.com\/etincelle\/\",\"name\":\"Home\"}},{\"@type\":\"ListItem\",\"position\":2,\"item\":{\"@type\":\"WebPage\",\"@id\":\"http:\/\/anomaltribu.com\/etincelle\/2018\/04\/01\/cris-et-ecrits-de-la-nature-lands-furrows-and-sorrows\/\",\"url\":\"http:\/\/anomaltribu.com\/etincelle\/2018\/04\/01\/cris-et-ecrits-de-la-nature-lands-furrows-and-sorrows\/\",\"name\":\"\\u201cCris et \\u00e9crits de la nature\/ Land\\u2019s Furrows and Sorrows\\u201d\"}}]},{\"@type\":\"Person\",\"@id\":\"http:\/\/anomaltribu.com\/etincelle\/#\/schema\/person\/3bbd93e0475cdfbd1065570dec02dc8c\",\"name\":\"Anomal Tribu\",\"image\":{\"@type\":\"ImageObject\",\"@id\":\"http:\/\/anomaltribu.com\/etincelle\/#personlogo\",\"inLanguage\":\"en-US\",\"url\":\"http:\/\/0.gravatar.com\/avatar\/98a50fa42caed003a6c2af3ad9853bdf?s=96&d=mm&r=g\",\"caption\":\"Anomal Tribu\"}}]}<\/script>\n<!-- \/ Yoast SEO plugin. -->","jetpack_featured_media_url":"","jetpack_likes_enabled":true,"jetpack_sharing_enabled":true,"_links":{"self":[{"href":"http:\/\/anomaltribu.com\/etincelle\/wp-json\/wp\/v2\/posts\/1322"}],"collection":[{"href":"http:\/\/anomaltribu.com\/etincelle\/wp-json\/wp\/v2\/posts"}],"about":[{"href":"http:\/\/anomaltribu.com\/etincelle\/wp-json\/wp\/v2\/types\/post"}],"author":[{"embeddable":true,"href":"http:\/\/anomaltribu.com\/etincelle\/wp-json\/wp\/v2\/users\/1"}],"replies":[{"embeddable":true,"href":"http:\/\/anomaltribu.com\/etincelle\/wp-json\/wp\/v2\/comments?post=1322"}],"version-history":[{"count":3,"href":"http:\/\/anomaltribu.com\/etincelle\/wp-json\/wp\/v2\/posts\/1322\/revisions"}],"predecessor-version":[{"id":1390,"href":"http:\/\/anomaltribu.com\/etincelle\/wp-json\/wp\/v2\/posts\/1322\/revisions\/1390"}],"wp:attachment":[{"href":"http:\/\/anomaltribu.com\/etincelle\/wp-json\/wp\/v2\/media?parent=1322"}],"wp:term":[{"taxonomy":"category","embeddable":true,"href":"http:\/\/anomaltribu.com\/etincelle\/wp-json\/wp\/v2\/categories?post=1322"},{"taxonomy":"post_tag","embeddable":true,"href":"http:\/\/anomaltribu.com\/etincelle\/wp-json\/wp\/v2\/tags?post=1322"}],"curies":[{"name":"wp","href":"https:\/\/api.w.org\/{rel}","templated":true}]}}