{"id":1271,"date":"2017-04-10T17:21:39","date_gmt":"2017-04-10T17:21:39","guid":{"rendered":"http:\/\/anomaltribu.com\/etincelle\/?p=1271"},"modified":"2017-04-26T21:13:19","modified_gmt":"2017-04-26T21:13:19","slug":"conference-et-exposition-les-etres-a-effet-de-souffle-le-21-avril-a-perpignan","status":"publish","type":"post","link":"http:\/\/anomaltribu.com\/etincelle\/2017\/04\/10\/conference-et-exposition-les-etres-a-effet-de-souffle-le-21-avril-a-perpignan\/","title":{"rendered":"Conf\u00e9rence et exposition &#8220;Les \u00eatres \u00e0 effet de souffle&#8221; le 21 avril \u00e0 Perpignan !"},"content":{"rendered":"<p style=\"text-align: center;\"><a href=\"http:\/\/anomaltribu.com\/etincelle\/wp-content\/uploads\/2017\/04\/les-\u00eatres-\u00e0-effet-de-souffle.jpg\"><img loading=\"lazy\" class=\" wp-image-1273 aligncenter\" alt=\"les \u00eatres \u00e0 effet de souffle\" src=\"http:\/\/anomaltribu.com\/etincelle\/wp-content\/uploads\/2017\/04\/les-\u00eatres-\u00e0-effet-de-souffle-716x1024.jpg\" width=\"370\" height=\"522\" \/><\/a><\/p>\n<p>Dans le cadre de l&#8217;atelier de recherche en Ecocritique et Ecopo\u00e9tique,<br \/>\ncette s\u00e9ance anim\u00e9e par Athane Adrahane sera coupl\u00e9e avec le vernissage d&#8217;une exposition de 20 photographies \u00e9copo\u00e9tiques organis\u00e9e en partenariat avec le Service Culturel de l\u2019UPVD.<\/p>\n<p>Pour plus d&#8217;info concernant l&#8217;\u00e9v\u00e9nement : visiter la page du <a href=\"http:\/\/www.univ-perp.fr\/fr\/menu\/recherche\/actualite-scientifique\/cresem-conference-exposition-les-etres-a-effet-de-souffle-72760.kjsp?RH=361928941825285\">Cresem<\/a><\/p>\n<p>Pour\u00a0 plus d&#8217;information concernant l&#8217;atelier de recherche en \u00e9cocritique et \u00e9copo\u00e9tique de Perpignan : <a href=\"http:\/\/ecopoeticsperpignan.com\/\">Visiter le site ici ! \u00a0<\/a><\/p>\n<p>Pour voir le travail photographique d&#8217;Athane Adrahane : <a href=\"http:\/\/athaneadrahane.be\">www.athaneadrahane.be<\/a><\/p>\n<p>R\u00e9sum\u00e9 de l&#8217;intervention :<\/p>\n<p><em>L&#8217;homme qui plantait des arbres<\/em> de Jean Giono offre le r\u00e9cit d&#8217;un berger qui, voyant que la montagne se meurt, d\u00e9cide de rem\u00e9dier \u00e0 cet \u00e9tat des choses en plantant des milliers d&#8217;arbres. Capter ce qui fait d\u00e9faut \u00e0 la sant\u00e9 d&#8217;un lieu, demande de se mettre \u00e0 son chevet, d&#8217;ausculter sa respiration, sa temp\u00e9rature, son pouls. Le berger s&#8217;est donc rendu attentif aux souffles de la montagne, aux pactes entre les mondes pluriels. Quelles sont les bonnes et <!--more-->les mauvaises alliances entre le vent, le soleil, l&#8217;eau, la terre, les animaux et les humains ? La for\u00eat se vit \u00e0 la mani\u00e8re d&#8217;un enchev\u00eatrement de mondes avec de nombreux protocoles d&#8217;\u00e9change. Quand ceux-ci viennent \u00e0 dispara\u00eetre, cela se fait sentir dans l&#8217;art de vivre. Notre communication s&#8217;attachera \u00e0 habiter les questions vitales que nous posent l&#8217;arbre et les \u00eatres avec lesquels il fait monde. Que raconte le peuple des arbres ? \u00c0 quelles dimensions de notre \u00eatre s&#8217;adresse t\u2019il ? Quelles voies de connaissance sont \u00e0 activer pour que puisse se pratiquer une musique commune aux diff\u00e9rentes formes de vie ? Les voix de Rilke, Le Cl\u00e9zio, Nietzsche, Deleuze et Guattari seront convoqu\u00e9es afin d&#8217;ensemencer la r\u00e9flexion. Une animation chant\u00e9e prendra place au sein de l&#8217;atelier afin de donner \u00e0 sentir la port\u00e9e respiratoire de notre paysage verbal.<\/p>\n<p>&nbsp;<\/p>\n<p>&nbsp;<\/p>\n","protected":false},"excerpt":{"rendered":"<p>Dans le cadre de l&#8217;atelier de recherche en Ecocritique et Ecopo\u00e9tique, cette s\u00e9ance anim\u00e9e par Athane Adrahane sera coupl\u00e9e avec le vernissage d&#8217;une exposition de 20 photographies \u00e9copo\u00e9tiques organis\u00e9e en partenariat avec le Service Culturel de l\u2019UPVD. Pour plus d&#8217;info &hellip; <a href=\"http:\/\/anomaltribu.com\/etincelle\/2017\/04\/10\/conference-et-exposition-les-etres-a-effet-de-souffle-le-21-avril-a-perpignan\/\">Continue reading <span class=\"meta-nav\">&rarr;<\/span><\/a><\/p>\n","protected":false},"author":1,"featured_media":0,"comment_status":"open","ping_status":"open","sticky":false,"template":"","format":"standard","meta":{"spay_email":""},"categories":[11],"tags":[],"yoast_head":"<!-- This site is optimized with the Yoast SEO plugin v16.0.2 - https:\/\/yoast.com\/wordpress\/plugins\/seo\/ -->\n<link rel=\"canonical\" href=\"http:\/\/anomaltribu.com\/etincelle\/2017\/04\/10\/conference-et-exposition-les-etres-a-effet-de-souffle-le-21-avril-a-perpignan\/\" \/>\n<meta property=\"og:locale\" content=\"en_US\" \/>\n<meta property=\"og:type\" content=\"article\" \/>\n<meta property=\"og:title\" content=\"Conf\u00e9rence et exposition &quot;Les \u00eatres \u00e0 effet de souffle&quot; le 21 avril \u00e0 Perpignan ! - L&#039;\u00e9tincelle\" \/>\n<meta property=\"og:description\" content=\"Dans le cadre de l&#8217;atelier de recherche en Ecocritique et Ecopo\u00e9tique, cette s\u00e9ance anim\u00e9e par Athane Adrahane sera coupl\u00e9e avec le vernissage d&#8217;une exposition de 20 photographies \u00e9copo\u00e9tiques organis\u00e9e en partenariat avec le Service Culturel de l\u2019UPVD. Pour plus d&#8217;info &hellip; Continue reading &rarr;\" \/>\n<meta property=\"og:url\" content=\"http:\/\/anomaltribu.com\/etincelle\/2017\/04\/10\/conference-et-exposition-les-etres-a-effet-de-souffle-le-21-avril-a-perpignan\/\" \/>\n<meta property=\"og:site_name\" content=\"L&#039;\u00e9tincelle\" \/>\n<meta property=\"article:publisher\" content=\"https:\/\/www.facebook.com\/athaneadrahane\/\" \/>\n<meta property=\"article:published_time\" content=\"2017-04-10T17:21:39+00:00\" \/>\n<meta property=\"article:modified_time\" content=\"2017-04-26T21:13:19+00:00\" \/>\n<meta property=\"og:image\" content=\"http:\/\/anomaltribu.com\/etincelle\/wp-content\/uploads\/2017\/04\/les-\u00eatres-\u00e0-effet-de-souffle-716x1024.jpg\" \/>\n<meta name=\"twitter:card\" content=\"summary_large_image\" \/>\n<meta name=\"twitter:label1\" content=\"Est. reading time\">\n\t<meta name=\"twitter:data1\" content=\"2 minutes\">\n<script type=\"application\/ld+json\" class=\"yoast-schema-graph\">{\"@context\":\"https:\/\/schema.org\",\"@graph\":[{\"@type\":\"WebSite\",\"@id\":\"http:\/\/anomaltribu.com\/etincelle\/#website\",\"url\":\"http:\/\/anomaltribu.com\/etincelle\/\",\"name\":\"L&#039;\\u00e9tincelle\",\"description\":\"Le Journal de bord d&#039;Anomal Tribu\",\"potentialAction\":[{\"@type\":\"SearchAction\",\"target\":\"http:\/\/anomaltribu.com\/etincelle\/?s={search_term_string}\",\"query-input\":\"required name=search_term_string\"}],\"inLanguage\":\"en-US\"},{\"@type\":\"ImageObject\",\"@id\":\"http:\/\/anomaltribu.com\/etincelle\/2017\/04\/10\/conference-et-exposition-les-etres-a-effet-de-souffle-le-21-avril-a-perpignan\/#primaryimage\",\"inLanguage\":\"en-US\",\"url\":\"http:\/\/anomaltribu.com\/etincelle\/wp-content\/uploads\/2017\/04\/les-\\u00eatres-\\u00e0-effet-de-souffle.jpg\",\"width\":1500,\"height\":2145},{\"@type\":\"WebPage\",\"@id\":\"http:\/\/anomaltribu.com\/etincelle\/2017\/04\/10\/conference-et-exposition-les-etres-a-effet-de-souffle-le-21-avril-a-perpignan\/#webpage\",\"url\":\"http:\/\/anomaltribu.com\/etincelle\/2017\/04\/10\/conference-et-exposition-les-etres-a-effet-de-souffle-le-21-avril-a-perpignan\/\",\"name\":\"Conf\\u00e9rence et exposition \\\"Les \\u00eatres \\u00e0 effet de souffle\\\" le 21 avril \\u00e0 Perpignan ! - L&#039;\\u00e9tincelle\",\"isPartOf\":{\"@id\":\"http:\/\/anomaltribu.com\/etincelle\/#website\"},\"primaryImageOfPage\":{\"@id\":\"http:\/\/anomaltribu.com\/etincelle\/2017\/04\/10\/conference-et-exposition-les-etres-a-effet-de-souffle-le-21-avril-a-perpignan\/#primaryimage\"},\"datePublished\":\"2017-04-10T17:21:39+00:00\",\"dateModified\":\"2017-04-26T21:13:19+00:00\",\"author\":{\"@id\":\"http:\/\/anomaltribu.com\/etincelle\/#\/schema\/person\/3bbd93e0475cdfbd1065570dec02dc8c\"},\"breadcrumb\":{\"@id\":\"http:\/\/anomaltribu.com\/etincelle\/2017\/04\/10\/conference-et-exposition-les-etres-a-effet-de-souffle-le-21-avril-a-perpignan\/#breadcrumb\"},\"inLanguage\":\"en-US\",\"potentialAction\":[{\"@type\":\"ReadAction\",\"target\":[\"http:\/\/anomaltribu.com\/etincelle\/2017\/04\/10\/conference-et-exposition-les-etres-a-effet-de-souffle-le-21-avril-a-perpignan\/\"]}]},{\"@type\":\"BreadcrumbList\",\"@id\":\"http:\/\/anomaltribu.com\/etincelle\/2017\/04\/10\/conference-et-exposition-les-etres-a-effet-de-souffle-le-21-avril-a-perpignan\/#breadcrumb\",\"itemListElement\":[{\"@type\":\"ListItem\",\"position\":1,\"item\":{\"@type\":\"WebPage\",\"@id\":\"http:\/\/anomaltribu.com\/etincelle\/\",\"url\":\"http:\/\/anomaltribu.com\/etincelle\/\",\"name\":\"Home\"}},{\"@type\":\"ListItem\",\"position\":2,\"item\":{\"@type\":\"WebPage\",\"@id\":\"http:\/\/anomaltribu.com\/etincelle\/2017\/04\/10\/conference-et-exposition-les-etres-a-effet-de-souffle-le-21-avril-a-perpignan\/\",\"url\":\"http:\/\/anomaltribu.com\/etincelle\/2017\/04\/10\/conference-et-exposition-les-etres-a-effet-de-souffle-le-21-avril-a-perpignan\/\",\"name\":\"Conf\\u00e9rence et exposition &#8220;Les \\u00eatres \\u00e0 effet de souffle&#8221; le 21 avril \\u00e0 Perpignan !\"}}]},{\"@type\":\"Person\",\"@id\":\"http:\/\/anomaltribu.com\/etincelle\/#\/schema\/person\/3bbd93e0475cdfbd1065570dec02dc8c\",\"name\":\"Anomal Tribu\",\"image\":{\"@type\":\"ImageObject\",\"@id\":\"http:\/\/anomaltribu.com\/etincelle\/#personlogo\",\"inLanguage\":\"en-US\",\"url\":\"http:\/\/0.gravatar.com\/avatar\/98a50fa42caed003a6c2af3ad9853bdf?s=96&d=mm&r=g\",\"caption\":\"Anomal Tribu\"}}]}<\/script>\n<!-- \/ Yoast SEO plugin. -->","jetpack_featured_media_url":"","jetpack_likes_enabled":true,"jetpack_sharing_enabled":true,"_links":{"self":[{"href":"http:\/\/anomaltribu.com\/etincelle\/wp-json\/wp\/v2\/posts\/1271"}],"collection":[{"href":"http:\/\/anomaltribu.com\/etincelle\/wp-json\/wp\/v2\/posts"}],"about":[{"href":"http:\/\/anomaltribu.com\/etincelle\/wp-json\/wp\/v2\/types\/post"}],"author":[{"embeddable":true,"href":"http:\/\/anomaltribu.com\/etincelle\/wp-json\/wp\/v2\/users\/1"}],"replies":[{"embeddable":true,"href":"http:\/\/anomaltribu.com\/etincelle\/wp-json\/wp\/v2\/comments?post=1271"}],"version-history":[{"count":15,"href":"http:\/\/anomaltribu.com\/etincelle\/wp-json\/wp\/v2\/posts\/1271\/revisions"}],"predecessor-version":[{"id":1278,"href":"http:\/\/anomaltribu.com\/etincelle\/wp-json\/wp\/v2\/posts\/1271\/revisions\/1278"}],"wp:attachment":[{"href":"http:\/\/anomaltribu.com\/etincelle\/wp-json\/wp\/v2\/media?parent=1271"}],"wp:term":[{"taxonomy":"category","embeddable":true,"href":"http:\/\/anomaltribu.com\/etincelle\/wp-json\/wp\/v2\/categories?post=1271"},{"taxonomy":"post_tag","embeddable":true,"href":"http:\/\/anomaltribu.com\/etincelle\/wp-json\/wp\/v2\/tags?post=1271"}],"curies":[{"name":"wp","href":"https:\/\/api.w.org\/{rel}","templated":true}]}}