{"id":1183,"date":"2016-10-25T15:38:54","date_gmt":"2016-10-25T15:38:54","guid":{"rendered":"http:\/\/anomaltribu.com\/etincelle\/?p=1183"},"modified":"2016-12-04T00:08:00","modified_gmt":"2016-12-04T00:08:00","slug":"a-lecoute-dune-echopoetique-de-letre","status":"publish","type":"post","link":"http:\/\/anomaltribu.com\/etincelle\/2016\/10\/25\/a-lecoute-dune-echopoetique-de-letre\/","title":{"rendered":"A l&#8217;\u00e9coute d&#8217;une \u00e9chopo\u00e9tique de l&#8217;\u00eatre."},"content":{"rendered":"<p><a href=\"http:\/\/anomaltribu.com\/etincelle\/wp-content\/uploads\/2016\/11\/EASCLE5.jpg\"><img loading=\"lazy\" class=\"aligncenter size-medium wp-image-1184\" alt=\"EASCLE5\" src=\"http:\/\/anomaltribu.com\/etincelle\/wp-content\/uploads\/2016\/11\/EASCLE5-212x300.jpg\" width=\"212\" height=\"300\" srcset=\"http:\/\/anomaltribu.com\/etincelle\/wp-content\/uploads\/2016\/11\/EASCLE5-212x300.jpg 212w, http:\/\/anomaltribu.com\/etincelle\/wp-content\/uploads\/2016\/11\/EASCLE5-724x1024.jpg 724w\" sizes=\"(max-width: 212px) 100vw, 212px\" \/><\/a>Participation d&#8217;Athane Adrahane, le dimanche 30 octobre, \u00e0 la 7th Biennial Meeting &#8220;Wildness without Wilderness&#8221;: The Poiesis of Energy and Instability\u00a0 qui aura lieu \u00e0 l&#8217;Universit\u00e9 Libre de Bruxelles du 27 octobre au 30 octobre.<\/p>\n<p>Info et programme complet de toutes les interventions : <a href=\"http:\/\/ulb.easlce.eu\/\">http:\/\/ulb.easlce.eu\/<\/a><\/p>\n","protected":false},"excerpt":{"rendered":"<p>Participation d&#8217;Athane Adrahane, le dimanche 30 octobre, \u00e0 la 7th Biennial Meeting &#8220;Wildness without Wilderness&#8221;: The Poiesis of Energy and Instability\u00a0 qui aura lieu \u00e0 l&#8217;Universit\u00e9 Libre de Bruxelles du 27 octobre au 30 octobre. Info et programme complet de &hellip; <a href=\"http:\/\/anomaltribu.com\/etincelle\/2016\/10\/25\/a-lecoute-dune-echopoetique-de-letre\/\">Continue reading <span class=\"meta-nav\">&rarr;<\/span><\/a><\/p>\n","protected":false},"author":1,"featured_media":0,"comment_status":"open","ping_status":"open","sticky":false,"template":"","format":"standard","meta":{"spay_email":""},"categories":[11],"tags":[],"yoast_head":"<!-- This site is optimized with the Yoast SEO plugin v16.0.2 - https:\/\/yoast.com\/wordpress\/plugins\/seo\/ -->\n<link rel=\"canonical\" href=\"http:\/\/anomaltribu.com\/etincelle\/2016\/10\/25\/a-lecoute-dune-echopoetique-de-letre\/\" \/>\n<meta property=\"og:locale\" content=\"en_US\" \/>\n<meta property=\"og:type\" content=\"article\" \/>\n<meta property=\"og:title\" content=\"A l&#039;\u00e9coute d&#039;une \u00e9chopo\u00e9tique de l&#039;\u00eatre. - L&#039;\u00e9tincelle\" \/>\n<meta property=\"og:description\" content=\"Participation d&#8217;Athane Adrahane, le dimanche 30 octobre, \u00e0 la 7th Biennial Meeting &#8220;Wildness without Wilderness&#8221;: The Poiesis of Energy and Instability\u00a0 qui aura lieu \u00e0 l&#8217;Universit\u00e9 Libre de Bruxelles du 27 octobre au 30 octobre. Info et programme complet de &hellip; Continue reading &rarr;\" \/>\n<meta property=\"og:url\" content=\"http:\/\/anomaltribu.com\/etincelle\/2016\/10\/25\/a-lecoute-dune-echopoetique-de-letre\/\" \/>\n<meta property=\"og:site_name\" content=\"L&#039;\u00e9tincelle\" \/>\n<meta property=\"article:publisher\" content=\"https:\/\/www.facebook.com\/athaneadrahane\/\" \/>\n<meta property=\"article:published_time\" content=\"2016-10-25T15:38:54+00:00\" \/>\n<meta property=\"article:modified_time\" content=\"2016-12-04T00:08:00+00:00\" \/>\n<meta property=\"og:image\" content=\"http:\/\/anomaltribu.com\/etincelle\/wp-content\/uploads\/2016\/11\/EASCLE5-212x300.jpg\" \/>\n<meta name=\"twitter:card\" content=\"summary_large_image\" \/>\n<script type=\"application\/ld+json\" class=\"yoast-schema-graph\">{\"@context\":\"https:\/\/schema.org\",\"@graph\":[{\"@type\":\"WebSite\",\"@id\":\"http:\/\/anomaltribu.com\/etincelle\/#website\",\"url\":\"http:\/\/anomaltribu.com\/etincelle\/\",\"name\":\"L&#039;\\u00e9tincelle\",\"description\":\"Le Journal de bord d&#039;Anomal Tribu\",\"potentialAction\":[{\"@type\":\"SearchAction\",\"target\":\"http:\/\/anomaltribu.com\/etincelle\/?s={search_term_string}\",\"query-input\":\"required name=search_term_string\"}],\"inLanguage\":\"en-US\"},{\"@type\":\"ImageObject\",\"@id\":\"http:\/\/anomaltribu.com\/etincelle\/2016\/10\/25\/a-lecoute-dune-echopoetique-de-letre\/#primaryimage\",\"inLanguage\":\"en-US\",\"url\":\"http:\/\/anomaltribu.com\/etincelle\/wp-content\/uploads\/2016\/11\/EASCLE5.jpg\",\"width\":3508,\"height\":4961},{\"@type\":\"WebPage\",\"@id\":\"http:\/\/anomaltribu.com\/etincelle\/2016\/10\/25\/a-lecoute-dune-echopoetique-de-letre\/#webpage\",\"url\":\"http:\/\/anomaltribu.com\/etincelle\/2016\/10\/25\/a-lecoute-dune-echopoetique-de-letre\/\",\"name\":\"A l'\\u00e9coute d'une \\u00e9chopo\\u00e9tique de l'\\u00eatre. - L&#039;\\u00e9tincelle\",\"isPartOf\":{\"@id\":\"http:\/\/anomaltribu.com\/etincelle\/#website\"},\"primaryImageOfPage\":{\"@id\":\"http:\/\/anomaltribu.com\/etincelle\/2016\/10\/25\/a-lecoute-dune-echopoetique-de-letre\/#primaryimage\"},\"datePublished\":\"2016-10-25T15:38:54+00:00\",\"dateModified\":\"2016-12-04T00:08:00+00:00\",\"author\":{\"@id\":\"http:\/\/anomaltribu.com\/etincelle\/#\/schema\/person\/3bbd93e0475cdfbd1065570dec02dc8c\"},\"breadcrumb\":{\"@id\":\"http:\/\/anomaltribu.com\/etincelle\/2016\/10\/25\/a-lecoute-dune-echopoetique-de-letre\/#breadcrumb\"},\"inLanguage\":\"en-US\",\"potentialAction\":[{\"@type\":\"ReadAction\",\"target\":[\"http:\/\/anomaltribu.com\/etincelle\/2016\/10\/25\/a-lecoute-dune-echopoetique-de-letre\/\"]}]},{\"@type\":\"BreadcrumbList\",\"@id\":\"http:\/\/anomaltribu.com\/etincelle\/2016\/10\/25\/a-lecoute-dune-echopoetique-de-letre\/#breadcrumb\",\"itemListElement\":[{\"@type\":\"ListItem\",\"position\":1,\"item\":{\"@type\":\"WebPage\",\"@id\":\"http:\/\/anomaltribu.com\/etincelle\/\",\"url\":\"http:\/\/anomaltribu.com\/etincelle\/\",\"name\":\"Home\"}},{\"@type\":\"ListItem\",\"position\":2,\"item\":{\"@type\":\"WebPage\",\"@id\":\"http:\/\/anomaltribu.com\/etincelle\/2016\/10\/25\/a-lecoute-dune-echopoetique-de-letre\/\",\"url\":\"http:\/\/anomaltribu.com\/etincelle\/2016\/10\/25\/a-lecoute-dune-echopoetique-de-letre\/\",\"name\":\"A l&#8217;\\u00e9coute d&#8217;une \\u00e9chopo\\u00e9tique de l&#8217;\\u00eatre.\"}}]},{\"@type\":\"Person\",\"@id\":\"http:\/\/anomaltribu.com\/etincelle\/#\/schema\/person\/3bbd93e0475cdfbd1065570dec02dc8c\",\"name\":\"Anomal Tribu\",\"image\":{\"@type\":\"ImageObject\",\"@id\":\"http:\/\/anomaltribu.com\/etincelle\/#personlogo\",\"inLanguage\":\"en-US\",\"url\":\"http:\/\/0.gravatar.com\/avatar\/98a50fa42caed003a6c2af3ad9853bdf?s=96&d=mm&r=g\",\"caption\":\"Anomal Tribu\"}}]}<\/script>\n<!-- \/ Yoast SEO plugin. -->","jetpack_featured_media_url":"","jetpack_likes_enabled":true,"jetpack_sharing_enabled":true,"_links":{"self":[{"href":"http:\/\/anomaltribu.com\/etincelle\/wp-json\/wp\/v2\/posts\/1183"}],"collection":[{"href":"http:\/\/anomaltribu.com\/etincelle\/wp-json\/wp\/v2\/posts"}],"about":[{"href":"http:\/\/anomaltribu.com\/etincelle\/wp-json\/wp\/v2\/types\/post"}],"author":[{"embeddable":true,"href":"http:\/\/anomaltribu.com\/etincelle\/wp-json\/wp\/v2\/users\/1"}],"replies":[{"embeddable":true,"href":"http:\/\/anomaltribu.com\/etincelle\/wp-json\/wp\/v2\/comments?post=1183"}],"version-history":[{"count":2,"href":"http:\/\/anomaltribu.com\/etincelle\/wp-json\/wp\/v2\/posts\/1183\/revisions"}],"predecessor-version":[{"id":1218,"href":"http:\/\/anomaltribu.com\/etincelle\/wp-json\/wp\/v2\/posts\/1183\/revisions\/1218"}],"wp:attachment":[{"href":"http:\/\/anomaltribu.com\/etincelle\/wp-json\/wp\/v2\/media?parent=1183"}],"wp:term":[{"taxonomy":"category","embeddable":true,"href":"http:\/\/anomaltribu.com\/etincelle\/wp-json\/wp\/v2\/categories?post=1183"},{"taxonomy":"post_tag","embeddable":true,"href":"http:\/\/anomaltribu.com\/etincelle\/wp-json\/wp\/v2\/tags?post=1183"}],"curies":[{"name":"wp","href":"https:\/\/api.w.org\/{rel}","templated":true}]}}