{"id":1160,"date":"2016-07-26T19:51:13","date_gmt":"2016-07-26T19:51:13","guid":{"rendered":"http:\/\/anomaltribu.com\/etincelle\/?p=1160"},"modified":"2016-07-26T20:25:48","modified_gmt":"2016-07-26T20:25:48","slug":"par-don-un-poeme-extrait-de-tremor-dans-aura-le-periodique-du-cercle-litteraire-hainuyer","status":"publish","type":"post","link":"http:\/\/anomaltribu.com\/etincelle\/2016\/07\/26\/par-don-un-poeme-extrait-de-tremor-dans-aura-le-periodique-du-cercle-litteraire-hainuyer\/","title":{"rendered":"&#8220;Par don&#8221; un po\u00e8me extrait de &#8220;Tr\u00e9mor&#8221; dans Aura, le P\u00e9riodique du Cercle Litt\u00e9raire Hainuyer"},"content":{"rendered":"<p>L&#8217; &#8220;Aura&#8221; de cet \u00e9t\u00e9 sur le th\u00e8me du Pardon accueille &#8220;Par don&#8221;, un po\u00e8me extrait de &#8220;Tr\u00e9mor&#8221; d&#8217;Athane Adrahane.<a href=\"http:\/\/anomaltribu.com\/etincelle\/wp-content\/uploads\/2016\/07\/Aura-89.jpg\"><img loading=\"lazy\" class=\"aligncenter size-medium wp-image-1161\" alt=\"Aura 89\" src=\"http:\/\/anomaltribu.com\/etincelle\/wp-content\/uploads\/2016\/07\/Aura-89-214x300.jpg\" width=\"214\" height=\"300\" srcset=\"http:\/\/anomaltribu.com\/etincelle\/wp-content\/uploads\/2016\/07\/Aura-89-214x300.jpg 214w, http:\/\/anomaltribu.com\/etincelle\/wp-content\/uploads\/2016\/07\/Aura-89-732x1024.jpg 732w, http:\/\/anomaltribu.com\/etincelle\/wp-content\/uploads\/2016\/07\/Aura-89.jpg 1186w\" sizes=\"(max-width: 214px) 100vw, 214px\" \/><\/a><\/p>\n<p>Info et commande : <a href=\"http:\/\/clairdeluth.wix.com\/clh2015\">http:\/\/clairdeluth.wix.com\/clh2015<\/a><\/p>\n","protected":false},"excerpt":{"rendered":"<p>L&#8217; &#8220;Aura&#8221; de cet \u00e9t\u00e9 sur le th\u00e8me du Pardon accueille &#8220;Par don&#8221;, un po\u00e8me extrait de &#8220;Tr\u00e9mor&#8221; d&#8217;Athane Adrahane. Info et commande : http:\/\/clairdeluth.wix.com\/clh2015<\/p>\n","protected":false},"author":1,"featured_media":0,"comment_status":"open","ping_status":"open","sticky":false,"template":"","format":"standard","meta":{"spay_email":""},"categories":[11],"tags":[],"yoast_head":"<!-- This site is optimized with the Yoast SEO plugin v16.0.2 - https:\/\/yoast.com\/wordpress\/plugins\/seo\/ -->\n<link rel=\"canonical\" href=\"http:\/\/anomaltribu.com\/etincelle\/2016\/07\/26\/par-don-un-poeme-extrait-de-tremor-dans-aura-le-periodique-du-cercle-litteraire-hainuyer\/\" \/>\n<meta property=\"og:locale\" content=\"en_US\" \/>\n<meta property=\"og:type\" content=\"article\" \/>\n<meta property=\"og:title\" content=\"&quot;Par don&quot; un po\u00e8me extrait de &quot;Tr\u00e9mor&quot; dans Aura, le P\u00e9riodique du Cercle Litt\u00e9raire Hainuyer - L&#039;\u00e9tincelle\" \/>\n<meta property=\"og:description\" content=\"L&#8217; &#8220;Aura&#8221; de cet \u00e9t\u00e9 sur le th\u00e8me du Pardon accueille &#8220;Par don&#8221;, un po\u00e8me extrait de &#8220;Tr\u00e9mor&#8221; d&#8217;Athane Adrahane. Info et commande : http:\/\/clairdeluth.wix.com\/clh2015\" \/>\n<meta property=\"og:url\" content=\"http:\/\/anomaltribu.com\/etincelle\/2016\/07\/26\/par-don-un-poeme-extrait-de-tremor-dans-aura-le-periodique-du-cercle-litteraire-hainuyer\/\" \/>\n<meta property=\"og:site_name\" content=\"L&#039;\u00e9tincelle\" \/>\n<meta property=\"article:publisher\" content=\"https:\/\/www.facebook.com\/athaneadrahane\/\" \/>\n<meta property=\"article:published_time\" content=\"2016-07-26T19:51:13+00:00\" \/>\n<meta property=\"article:modified_time\" content=\"2016-07-26T20:25:48+00:00\" \/>\n<meta property=\"og:image\" content=\"http:\/\/anomaltribu.com\/etincelle\/wp-content\/uploads\/2016\/07\/Aura-89-214x300.jpg\" \/>\n<meta name=\"twitter:card\" content=\"summary_large_image\" \/>\n<script type=\"application\/ld+json\" class=\"yoast-schema-graph\">{\"@context\":\"https:\/\/schema.org\",\"@graph\":[{\"@type\":\"WebSite\",\"@id\":\"http:\/\/anomaltribu.com\/etincelle\/#website\",\"url\":\"http:\/\/anomaltribu.com\/etincelle\/\",\"name\":\"L&#039;\\u00e9tincelle\",\"description\":\"Le Journal de bord d&#039;Anomal Tribu\",\"potentialAction\":[{\"@type\":\"SearchAction\",\"target\":\"http:\/\/anomaltribu.com\/etincelle\/?s={search_term_string}\",\"query-input\":\"required name=search_term_string\"}],\"inLanguage\":\"en-US\"},{\"@type\":\"ImageObject\",\"@id\":\"http:\/\/anomaltribu.com\/etincelle\/2016\/07\/26\/par-don-un-poeme-extrait-de-tremor-dans-aura-le-periodique-du-cercle-litteraire-hainuyer\/#primaryimage\",\"inLanguage\":\"en-US\",\"url\":\"http:\/\/anomaltribu.com\/etincelle\/wp-content\/uploads\/2016\/07\/Aura-89.jpg\",\"width\":1186,\"height\":1659},{\"@type\":\"WebPage\",\"@id\":\"http:\/\/anomaltribu.com\/etincelle\/2016\/07\/26\/par-don-un-poeme-extrait-de-tremor-dans-aura-le-periodique-du-cercle-litteraire-hainuyer\/#webpage\",\"url\":\"http:\/\/anomaltribu.com\/etincelle\/2016\/07\/26\/par-don-un-poeme-extrait-de-tremor-dans-aura-le-periodique-du-cercle-litteraire-hainuyer\/\",\"name\":\"\\\"Par don\\\" un po\\u00e8me extrait de \\\"Tr\\u00e9mor\\\" dans Aura, le P\\u00e9riodique du Cercle Litt\\u00e9raire Hainuyer - L&#039;\\u00e9tincelle\",\"isPartOf\":{\"@id\":\"http:\/\/anomaltribu.com\/etincelle\/#website\"},\"primaryImageOfPage\":{\"@id\":\"http:\/\/anomaltribu.com\/etincelle\/2016\/07\/26\/par-don-un-poeme-extrait-de-tremor-dans-aura-le-periodique-du-cercle-litteraire-hainuyer\/#primaryimage\"},\"datePublished\":\"2016-07-26T19:51:13+00:00\",\"dateModified\":\"2016-07-26T20:25:48+00:00\",\"author\":{\"@id\":\"http:\/\/anomaltribu.com\/etincelle\/#\/schema\/person\/3bbd93e0475cdfbd1065570dec02dc8c\"},\"breadcrumb\":{\"@id\":\"http:\/\/anomaltribu.com\/etincelle\/2016\/07\/26\/par-don-un-poeme-extrait-de-tremor-dans-aura-le-periodique-du-cercle-litteraire-hainuyer\/#breadcrumb\"},\"inLanguage\":\"en-US\",\"potentialAction\":[{\"@type\":\"ReadAction\",\"target\":[\"http:\/\/anomaltribu.com\/etincelle\/2016\/07\/26\/par-don-un-poeme-extrait-de-tremor-dans-aura-le-periodique-du-cercle-litteraire-hainuyer\/\"]}]},{\"@type\":\"BreadcrumbList\",\"@id\":\"http:\/\/anomaltribu.com\/etincelle\/2016\/07\/26\/par-don-un-poeme-extrait-de-tremor-dans-aura-le-periodique-du-cercle-litteraire-hainuyer\/#breadcrumb\",\"itemListElement\":[{\"@type\":\"ListItem\",\"position\":1,\"item\":{\"@type\":\"WebPage\",\"@id\":\"http:\/\/anomaltribu.com\/etincelle\/\",\"url\":\"http:\/\/anomaltribu.com\/etincelle\/\",\"name\":\"Home\"}},{\"@type\":\"ListItem\",\"position\":2,\"item\":{\"@type\":\"WebPage\",\"@id\":\"http:\/\/anomaltribu.com\/etincelle\/2016\/07\/26\/par-don-un-poeme-extrait-de-tremor-dans-aura-le-periodique-du-cercle-litteraire-hainuyer\/\",\"url\":\"http:\/\/anomaltribu.com\/etincelle\/2016\/07\/26\/par-don-un-poeme-extrait-de-tremor-dans-aura-le-periodique-du-cercle-litteraire-hainuyer\/\",\"name\":\"&#8220;Par don&#8221; un po\\u00e8me extrait de &#8220;Tr\\u00e9mor&#8221; dans Aura, le P\\u00e9riodique du Cercle Litt\\u00e9raire Hainuyer\"}}]},{\"@type\":\"Person\",\"@id\":\"http:\/\/anomaltribu.com\/etincelle\/#\/schema\/person\/3bbd93e0475cdfbd1065570dec02dc8c\",\"name\":\"Anomal Tribu\",\"image\":{\"@type\":\"ImageObject\",\"@id\":\"http:\/\/anomaltribu.com\/etincelle\/#personlogo\",\"inLanguage\":\"en-US\",\"url\":\"http:\/\/0.gravatar.com\/avatar\/98a50fa42caed003a6c2af3ad9853bdf?s=96&d=mm&r=g\",\"caption\":\"Anomal Tribu\"}}]}<\/script>\n<!-- \/ Yoast SEO plugin. -->","jetpack_featured_media_url":"","jetpack_likes_enabled":true,"jetpack_sharing_enabled":true,"_links":{"self":[{"href":"http:\/\/anomaltribu.com\/etincelle\/wp-json\/wp\/v2\/posts\/1160"}],"collection":[{"href":"http:\/\/anomaltribu.com\/etincelle\/wp-json\/wp\/v2\/posts"}],"about":[{"href":"http:\/\/anomaltribu.com\/etincelle\/wp-json\/wp\/v2\/types\/post"}],"author":[{"embeddable":true,"href":"http:\/\/anomaltribu.com\/etincelle\/wp-json\/wp\/v2\/users\/1"}],"replies":[{"embeddable":true,"href":"http:\/\/anomaltribu.com\/etincelle\/wp-json\/wp\/v2\/comments?post=1160"}],"version-history":[{"count":9,"href":"http:\/\/anomaltribu.com\/etincelle\/wp-json\/wp\/v2\/posts\/1160\/revisions"}],"predecessor-version":[{"id":1172,"href":"http:\/\/anomaltribu.com\/etincelle\/wp-json\/wp\/v2\/posts\/1160\/revisions\/1172"}],"wp:attachment":[{"href":"http:\/\/anomaltribu.com\/etincelle\/wp-json\/wp\/v2\/media?parent=1160"}],"wp:term":[{"taxonomy":"category","embeddable":true,"href":"http:\/\/anomaltribu.com\/etincelle\/wp-json\/wp\/v2\/categories?post=1160"},{"taxonomy":"post_tag","embeddable":true,"href":"http:\/\/anomaltribu.com\/etincelle\/wp-json\/wp\/v2\/tags?post=1160"}],"curies":[{"name":"wp","href":"https:\/\/api.w.org\/{rel}","templated":true}]}}