{"id":1156,"date":"2016-06-18T15:17:29","date_gmt":"2016-06-18T15:17:29","guid":{"rendered":"http:\/\/anomaltribu.com\/etincelle\/?p=1156"},"modified":"2016-07-26T20:19:59","modified_gmt":"2016-07-26T20:19:59","slug":"ecrire-a-dimension-des-montagnes-des-papillons-et-des-etoiles","status":"publish","type":"post","link":"http:\/\/anomaltribu.com\/etincelle\/2016\/06\/18\/ecrire-a-dimension-des-montagnes-des-papillons-et-des-etoiles\/","title":{"rendered":"Ecrire \u00e0 dimension des montagnes, des papillons et des \u00e9toiles &#8230;"},"content":{"rendered":"<p><a href=\"http:\/\/anomaltribu.com\/etincelle\/wp-content\/uploads\/2016\/06\/Ami-forever.jpg\"><img loading=\"lazy\" class=\"aligncenter size-medium wp-image-1157\" alt=\"colloque perpignan\" src=\"http:\/\/anomaltribu.com\/etincelle\/wp-content\/uploads\/2016\/06\/Ami-forever-212x300.jpg\" width=\"212\" height=\"300\" srcset=\"http:\/\/anomaltribu.com\/etincelle\/wp-content\/uploads\/2016\/06\/Ami-forever-212x300.jpg 212w, http:\/\/anomaltribu.com\/etincelle\/wp-content\/uploads\/2016\/06\/Ami-forever-725x1024.jpg 725w, http:\/\/anomaltribu.com\/etincelle\/wp-content\/uploads\/2016\/06\/Ami-forever.jpg 1417w\" sizes=\"(max-width: 212px) 100vw, 212px\" \/><\/a>Participation d&#8217;Athane Adrahane, le mercredi 22 juin, \u00e0 ce tr\u00e8s beau colloque international en ecopo\u00e9tique\u00a0 &#8220;Lieux d&#8217;enchantement: \u00e9crire et r\u00e9enchanter le monde&#8221; organis\u00e9 par l&#8217;universit\u00e9 de Perpignan du 22 au 25 juin.<\/p>\n<p>Info et programme complet : <a href=\"http:\/\/ecopoeticsperpignan.com\">ecopoeticsperpignan.com<\/a><\/p>\n","protected":false},"excerpt":{"rendered":"<p>Participation d&#8217;Athane Adrahane, le mercredi 22 juin, \u00e0 ce tr\u00e8s beau colloque international en ecopo\u00e9tique\u00a0 &#8220;Lieux d&#8217;enchantement: \u00e9crire et r\u00e9enchanter le monde&#8221; organis\u00e9 par l&#8217;universit\u00e9 de Perpignan du 22 au 25 juin. Info et programme complet : ecopoeticsperpignan.com<\/p>\n","protected":false},"author":1,"featured_media":0,"comment_status":"open","ping_status":"open","sticky":false,"template":"","format":"standard","meta":{"spay_email":""},"categories":[1],"tags":[],"yoast_head":"<!-- This site is optimized with the Yoast SEO plugin v16.0.2 - https:\/\/yoast.com\/wordpress\/plugins\/seo\/ -->\n<link rel=\"canonical\" href=\"http:\/\/anomaltribu.com\/etincelle\/2016\/06\/18\/ecrire-a-dimension-des-montagnes-des-papillons-et-des-etoiles\/\" \/>\n<meta property=\"og:locale\" content=\"en_US\" \/>\n<meta property=\"og:type\" content=\"article\" \/>\n<meta property=\"og:title\" content=\"Ecrire \u00e0 dimension des montagnes, des papillons et des \u00e9toiles ... - L&#039;\u00e9tincelle\" \/>\n<meta property=\"og:description\" content=\"Participation d&#8217;Athane Adrahane, le mercredi 22 juin, \u00e0 ce tr\u00e8s beau colloque international en ecopo\u00e9tique\u00a0 &#8220;Lieux d&#8217;enchantement: \u00e9crire et r\u00e9enchanter le monde&#8221; organis\u00e9 par l&#8217;universit\u00e9 de Perpignan du 22 au 25 juin. Info et programme complet : ecopoeticsperpignan.com\" \/>\n<meta property=\"og:url\" content=\"http:\/\/anomaltribu.com\/etincelle\/2016\/06\/18\/ecrire-a-dimension-des-montagnes-des-papillons-et-des-etoiles\/\" \/>\n<meta property=\"og:site_name\" content=\"L&#039;\u00e9tincelle\" \/>\n<meta property=\"article:publisher\" content=\"https:\/\/www.facebook.com\/athaneadrahane\/\" \/>\n<meta property=\"article:published_time\" content=\"2016-06-18T15:17:29+00:00\" \/>\n<meta property=\"article:modified_time\" content=\"2016-07-26T20:19:59+00:00\" \/>\n<meta property=\"og:image\" content=\"http:\/\/anomaltribu.com\/etincelle\/wp-content\/uploads\/2016\/06\/Ami-forever-212x300.jpg\" \/>\n<meta name=\"twitter:card\" content=\"summary_large_image\" \/>\n<script type=\"application\/ld+json\" class=\"yoast-schema-graph\">{\"@context\":\"https:\/\/schema.org\",\"@graph\":[{\"@type\":\"WebSite\",\"@id\":\"http:\/\/anomaltribu.com\/etincelle\/#website\",\"url\":\"http:\/\/anomaltribu.com\/etincelle\/\",\"name\":\"L&#039;\\u00e9tincelle\",\"description\":\"Le Journal de bord d&#039;Anomal Tribu\",\"potentialAction\":[{\"@type\":\"SearchAction\",\"target\":\"http:\/\/anomaltribu.com\/etincelle\/?s={search_term_string}\",\"query-input\":\"required name=search_term_string\"}],\"inLanguage\":\"en-US\"},{\"@type\":\"ImageObject\",\"@id\":\"http:\/\/anomaltribu.com\/etincelle\/2016\/06\/18\/ecrire-a-dimension-des-montagnes-des-papillons-et-des-etoiles\/#primaryimage\",\"inLanguage\":\"en-US\",\"url\":\"http:\/\/anomaltribu.com\/etincelle\/wp-content\/uploads\/2016\/06\/Ami-forever.jpg\",\"width\":1417,\"height\":2000},{\"@type\":\"WebPage\",\"@id\":\"http:\/\/anomaltribu.com\/etincelle\/2016\/06\/18\/ecrire-a-dimension-des-montagnes-des-papillons-et-des-etoiles\/#webpage\",\"url\":\"http:\/\/anomaltribu.com\/etincelle\/2016\/06\/18\/ecrire-a-dimension-des-montagnes-des-papillons-et-des-etoiles\/\",\"name\":\"Ecrire \\u00e0 dimension des montagnes, des papillons et des \\u00e9toiles ... - L&#039;\\u00e9tincelle\",\"isPartOf\":{\"@id\":\"http:\/\/anomaltribu.com\/etincelle\/#website\"},\"primaryImageOfPage\":{\"@id\":\"http:\/\/anomaltribu.com\/etincelle\/2016\/06\/18\/ecrire-a-dimension-des-montagnes-des-papillons-et-des-etoiles\/#primaryimage\"},\"datePublished\":\"2016-06-18T15:17:29+00:00\",\"dateModified\":\"2016-07-26T20:19:59+00:00\",\"author\":{\"@id\":\"http:\/\/anomaltribu.com\/etincelle\/#\/schema\/person\/3bbd93e0475cdfbd1065570dec02dc8c\"},\"breadcrumb\":{\"@id\":\"http:\/\/anomaltribu.com\/etincelle\/2016\/06\/18\/ecrire-a-dimension-des-montagnes-des-papillons-et-des-etoiles\/#breadcrumb\"},\"inLanguage\":\"en-US\",\"potentialAction\":[{\"@type\":\"ReadAction\",\"target\":[\"http:\/\/anomaltribu.com\/etincelle\/2016\/06\/18\/ecrire-a-dimension-des-montagnes-des-papillons-et-des-etoiles\/\"]}]},{\"@type\":\"BreadcrumbList\",\"@id\":\"http:\/\/anomaltribu.com\/etincelle\/2016\/06\/18\/ecrire-a-dimension-des-montagnes-des-papillons-et-des-etoiles\/#breadcrumb\",\"itemListElement\":[{\"@type\":\"ListItem\",\"position\":1,\"item\":{\"@type\":\"WebPage\",\"@id\":\"http:\/\/anomaltribu.com\/etincelle\/\",\"url\":\"http:\/\/anomaltribu.com\/etincelle\/\",\"name\":\"Home\"}},{\"@type\":\"ListItem\",\"position\":2,\"item\":{\"@type\":\"WebPage\",\"@id\":\"http:\/\/anomaltribu.com\/etincelle\/2016\/06\/18\/ecrire-a-dimension-des-montagnes-des-papillons-et-des-etoiles\/\",\"url\":\"http:\/\/anomaltribu.com\/etincelle\/2016\/06\/18\/ecrire-a-dimension-des-montagnes-des-papillons-et-des-etoiles\/\",\"name\":\"Ecrire \\u00e0 dimension des montagnes, des papillons et des \\u00e9toiles &#8230;\"}}]},{\"@type\":\"Person\",\"@id\":\"http:\/\/anomaltribu.com\/etincelle\/#\/schema\/person\/3bbd93e0475cdfbd1065570dec02dc8c\",\"name\":\"Anomal Tribu\",\"image\":{\"@type\":\"ImageObject\",\"@id\":\"http:\/\/anomaltribu.com\/etincelle\/#personlogo\",\"inLanguage\":\"en-US\",\"url\":\"http:\/\/0.gravatar.com\/avatar\/98a50fa42caed003a6c2af3ad9853bdf?s=96&d=mm&r=g\",\"caption\":\"Anomal Tribu\"}}]}<\/script>\n<!-- \/ Yoast SEO plugin. -->","jetpack_featured_media_url":"","jetpack_likes_enabled":true,"jetpack_sharing_enabled":true,"_links":{"self":[{"href":"http:\/\/anomaltribu.com\/etincelle\/wp-json\/wp\/v2\/posts\/1156"}],"collection":[{"href":"http:\/\/anomaltribu.com\/etincelle\/wp-json\/wp\/v2\/posts"}],"about":[{"href":"http:\/\/anomaltribu.com\/etincelle\/wp-json\/wp\/v2\/types\/post"}],"author":[{"embeddable":true,"href":"http:\/\/anomaltribu.com\/etincelle\/wp-json\/wp\/v2\/users\/1"}],"replies":[{"embeddable":true,"href":"http:\/\/anomaltribu.com\/etincelle\/wp-json\/wp\/v2\/comments?post=1156"}],"version-history":[{"count":3,"href":"http:\/\/anomaltribu.com\/etincelle\/wp-json\/wp\/v2\/posts\/1156\/revisions"}],"predecessor-version":[{"id":1166,"href":"http:\/\/anomaltribu.com\/etincelle\/wp-json\/wp\/v2\/posts\/1156\/revisions\/1166"}],"wp:attachment":[{"href":"http:\/\/anomaltribu.com\/etincelle\/wp-json\/wp\/v2\/media?parent=1156"}],"wp:term":[{"taxonomy":"category","embeddable":true,"href":"http:\/\/anomaltribu.com\/etincelle\/wp-json\/wp\/v2\/categories?post=1156"},{"taxonomy":"post_tag","embeddable":true,"href":"http:\/\/anomaltribu.com\/etincelle\/wp-json\/wp\/v2\/tags?post=1156"}],"curies":[{"name":"wp","href":"https:\/\/api.w.org\/{rel}","templated":true}]}}