{"id":106,"date":"2004-11-01T13:50:06","date_gmt":"2004-11-01T13:50:06","guid":{"rendered":"http:\/\/anomaltribu.com\/etincelles\/?p=106"},"modified":"2013-04-13T21:30:39","modified_gmt":"2013-04-13T21:30:39","slug":"la-conscience-magique-le-24-novembre-2004-au-theatre-poeme-a-20h30","status":"publish","type":"post","link":"http:\/\/anomaltribu.com\/etincelle\/2004\/11\/01\/la-conscience-magique-le-24-novembre-2004-au-theatre-poeme-a-20h30\/","title":{"rendered":"La conscience magique le 24 novembre 2004 au Th\u00e9\u00e2tre-Po\u00e8me \u00e0 20h30"},"content":{"rendered":"<p>Athane Adrahane s&#8217;entrediendra avec V\u00e9ronique Bergen, Jacques Sojcher, Frank Pierobon. Accompagn\u00e9 d&#8217;une exposition de photographies tir\u00e9es du livre. Th\u00e9\u00e2tre-Po\u00e8me, 30 rue d&#8217;Ecosse &#8211; 1060 Bruxelles T\u00e9l\u00e9phone : 0032 2 538.63.58<\/p>\n","protected":false},"excerpt":{"rendered":"<p>Athane Adrahane s&#8217;entrediendra avec V\u00e9ronique Bergen, Jacques Sojcher, Frank Pierobon. Accompagn\u00e9 d&#8217;une exposition de photographies tir\u00e9es du livre. Th\u00e9\u00e2tre-Po\u00e8me, 30 rue d&#8217;Ecosse &#8211; 1060 Bruxelles T\u00e9l\u00e9phone : 0032 2 538.63.58<\/p>\n","protected":false},"author":1,"featured_media":0,"comment_status":"open","ping_status":"open","sticky":false,"template":"","format":"standard","meta":{"spay_email":""},"categories":[11],"tags":[12,16],"yoast_head":"<!-- This site is optimized with the Yoast SEO plugin v16.0.2 - https:\/\/yoast.com\/wordpress\/plugins\/seo\/ -->\n<link rel=\"canonical\" href=\"http:\/\/anomaltribu.com\/etincelle\/2004\/11\/01\/la-conscience-magique-le-24-novembre-2004-au-theatre-poeme-a-20h30\/\" \/>\n<meta property=\"og:locale\" content=\"en_US\" \/>\n<meta property=\"og:type\" content=\"article\" \/>\n<meta property=\"og:title\" content=\"La conscience magique le 24 novembre 2004 au Th\u00e9\u00e2tre-Po\u00e8me \u00e0 20h30 - L&#039;\u00e9tincelle\" \/>\n<meta property=\"og:description\" content=\"Athane Adrahane s&#8217;entrediendra avec V\u00e9ronique Bergen, Jacques Sojcher, Frank Pierobon. Accompagn\u00e9 d&#8217;une exposition de photographies tir\u00e9es du livre. Th\u00e9\u00e2tre-Po\u00e8me, 30 rue d&#8217;Ecosse &#8211; 1060 Bruxelles T\u00e9l\u00e9phone : 0032 2 538.63.58\" \/>\n<meta property=\"og:url\" content=\"http:\/\/anomaltribu.com\/etincelle\/2004\/11\/01\/la-conscience-magique-le-24-novembre-2004-au-theatre-poeme-a-20h30\/\" \/>\n<meta property=\"og:site_name\" content=\"L&#039;\u00e9tincelle\" \/>\n<meta property=\"article:publisher\" content=\"https:\/\/www.facebook.com\/athaneadrahane\/\" \/>\n<meta property=\"article:published_time\" content=\"2004-11-01T13:50:06+00:00\" \/>\n<meta property=\"article:modified_time\" content=\"2013-04-13T21:30:39+00:00\" \/>\n<meta name=\"twitter:card\" content=\"summary_large_image\" \/>\n<script type=\"application\/ld+json\" class=\"yoast-schema-graph\">{\"@context\":\"https:\/\/schema.org\",\"@graph\":[{\"@type\":\"WebSite\",\"@id\":\"http:\/\/anomaltribu.com\/etincelle\/#website\",\"url\":\"http:\/\/anomaltribu.com\/etincelle\/\",\"name\":\"L&#039;\\u00e9tincelle\",\"description\":\"Le Journal de bord d&#039;Anomal Tribu\",\"potentialAction\":[{\"@type\":\"SearchAction\",\"target\":\"http:\/\/anomaltribu.com\/etincelle\/?s={search_term_string}\",\"query-input\":\"required name=search_term_string\"}],\"inLanguage\":\"en-US\"},{\"@type\":\"WebPage\",\"@id\":\"http:\/\/anomaltribu.com\/etincelle\/2004\/11\/01\/la-conscience-magique-le-24-novembre-2004-au-theatre-poeme-a-20h30\/#webpage\",\"url\":\"http:\/\/anomaltribu.com\/etincelle\/2004\/11\/01\/la-conscience-magique-le-24-novembre-2004-au-theatre-poeme-a-20h30\/\",\"name\":\"La conscience magique le 24 novembre 2004 au Th\\u00e9\\u00e2tre-Po\\u00e8me \\u00e0 20h30 - L&#039;\\u00e9tincelle\",\"isPartOf\":{\"@id\":\"http:\/\/anomaltribu.com\/etincelle\/#website\"},\"datePublished\":\"2004-11-01T13:50:06+00:00\",\"dateModified\":\"2013-04-13T21:30:39+00:00\",\"author\":{\"@id\":\"http:\/\/anomaltribu.com\/etincelle\/#\/schema\/person\/3bbd93e0475cdfbd1065570dec02dc8c\"},\"breadcrumb\":{\"@id\":\"http:\/\/anomaltribu.com\/etincelle\/2004\/11\/01\/la-conscience-magique-le-24-novembre-2004-au-theatre-poeme-a-20h30\/#breadcrumb\"},\"inLanguage\":\"en-US\",\"potentialAction\":[{\"@type\":\"ReadAction\",\"target\":[\"http:\/\/anomaltribu.com\/etincelle\/2004\/11\/01\/la-conscience-magique-le-24-novembre-2004-au-theatre-poeme-a-20h30\/\"]}]},{\"@type\":\"BreadcrumbList\",\"@id\":\"http:\/\/anomaltribu.com\/etincelle\/2004\/11\/01\/la-conscience-magique-le-24-novembre-2004-au-theatre-poeme-a-20h30\/#breadcrumb\",\"itemListElement\":[{\"@type\":\"ListItem\",\"position\":1,\"item\":{\"@type\":\"WebPage\",\"@id\":\"http:\/\/anomaltribu.com\/etincelle\/\",\"url\":\"http:\/\/anomaltribu.com\/etincelle\/\",\"name\":\"Home\"}},{\"@type\":\"ListItem\",\"position\":2,\"item\":{\"@type\":\"WebPage\",\"@id\":\"http:\/\/anomaltribu.com\/etincelle\/2004\/11\/01\/la-conscience-magique-le-24-novembre-2004-au-theatre-poeme-a-20h30\/\",\"url\":\"http:\/\/anomaltribu.com\/etincelle\/2004\/11\/01\/la-conscience-magique-le-24-novembre-2004-au-theatre-poeme-a-20h30\/\",\"name\":\"La conscience magique le 24 novembre 2004 au Th\\u00e9\\u00e2tre-Po\\u00e8me \\u00e0 20h30\"}}]},{\"@type\":\"Person\",\"@id\":\"http:\/\/anomaltribu.com\/etincelle\/#\/schema\/person\/3bbd93e0475cdfbd1065570dec02dc8c\",\"name\":\"Anomal Tribu\",\"image\":{\"@type\":\"ImageObject\",\"@id\":\"http:\/\/anomaltribu.com\/etincelle\/#personlogo\",\"inLanguage\":\"en-US\",\"url\":\"http:\/\/0.gravatar.com\/avatar\/98a50fa42caed003a6c2af3ad9853bdf?s=96&d=mm&r=g\",\"caption\":\"Anomal Tribu\"}}]}<\/script>\n<!-- \/ Yoast SEO plugin. -->","jetpack_featured_media_url":"","jetpack_likes_enabled":true,"jetpack_sharing_enabled":true,"_links":{"self":[{"href":"http:\/\/anomaltribu.com\/etincelle\/wp-json\/wp\/v2\/posts\/106"}],"collection":[{"href":"http:\/\/anomaltribu.com\/etincelle\/wp-json\/wp\/v2\/posts"}],"about":[{"href":"http:\/\/anomaltribu.com\/etincelle\/wp-json\/wp\/v2\/types\/post"}],"author":[{"embeddable":true,"href":"http:\/\/anomaltribu.com\/etincelle\/wp-json\/wp\/v2\/users\/1"}],"replies":[{"embeddable":true,"href":"http:\/\/anomaltribu.com\/etincelle\/wp-json\/wp\/v2\/comments?post=106"}],"version-history":[{"count":5,"href":"http:\/\/anomaltribu.com\/etincelle\/wp-json\/wp\/v2\/posts\/106\/revisions"}],"predecessor-version":[{"id":111,"href":"http:\/\/anomaltribu.com\/etincelle\/wp-json\/wp\/v2\/posts\/106\/revisions\/111"}],"wp:attachment":[{"href":"http:\/\/anomaltribu.com\/etincelle\/wp-json\/wp\/v2\/media?parent=106"}],"wp:term":[{"taxonomy":"category","embeddable":true,"href":"http:\/\/anomaltribu.com\/etincelle\/wp-json\/wp\/v2\/categories?post=106"},{"taxonomy":"post_tag","embeddable":true,"href":"http:\/\/anomaltribu.com\/etincelle\/wp-json\/wp\/v2\/tags?post=106"}],"curies":[{"name":"wp","href":"https:\/\/api.w.org\/{rel}","templated":true}]}}