{"id":101,"date":"2004-01-02T13:40:22","date_gmt":"2004-01-02T13:40:22","guid":{"rendered":"http:\/\/anomaltribu.com\/etincelles\/?p=101"},"modified":"2013-04-13T21:44:13","modified_gmt":"2013-04-13T21:44:13","slug":"athane-adrahane-a-la-radio-ce-dimanche-4-janvier-2004","status":"publish","type":"post","link":"http:\/\/anomaltribu.com\/etincelle\/2004\/01\/02\/athane-adrahane-a-la-radio-ce-dimanche-4-janvier-2004\/","title":{"rendered":"Athane Adrahane \u00e0 la radio ce dimanche 4 janvier 2004"},"content":{"rendered":"<p>A l&#8217;occasion de la sortie du livre &#8220;La conscience magique&#8221; aux Editions Substance, l&#8217;\u00e9mission radio &#8220;La pens\u00e9e et les hommes, penser c&#8217;est vivre&#8221; pr\u00e9sent\u00e9e par Thierry Genicot acceuille Athane Adrahane, le dimanche 4 janvier 2004 \u00e0 19h10 sur Musique 3, RTBF<\/p>\n","protected":false},"excerpt":{"rendered":"<p>A l&#8217;occasion de la sortie du livre &#8220;La conscience magique&#8221; aux Editions Substance, l&#8217;\u00e9mission radio &#8220;La pens\u00e9e et les hommes, penser c&#8217;est vivre&#8221; pr\u00e9sent\u00e9e par Thierry Genicot acceuille Athane Adrahane, le dimanche 4 janvier 2004 \u00e0 19h10 sur Musique 3, &hellip; <a href=\"http:\/\/anomaltribu.com\/etincelle\/2004\/01\/02\/athane-adrahane-a-la-radio-ce-dimanche-4-janvier-2004\/\">Continue reading <span class=\"meta-nav\">&rarr;<\/span><\/a><\/p>\n","protected":false},"author":1,"featured_media":0,"comment_status":"open","ping_status":"open","sticky":false,"template":"","format":"standard","meta":{"spay_email":""},"categories":[11,18],"tags":[],"yoast_head":"<!-- This site is optimized with the Yoast SEO plugin v16.0.2 - https:\/\/yoast.com\/wordpress\/plugins\/seo\/ -->\n<link rel=\"canonical\" href=\"http:\/\/anomaltribu.com\/etincelle\/2004\/01\/02\/athane-adrahane-a-la-radio-ce-dimanche-4-janvier-2004\/\" \/>\n<meta property=\"og:locale\" content=\"en_US\" \/>\n<meta property=\"og:type\" content=\"article\" \/>\n<meta property=\"og:title\" content=\"Athane Adrahane \u00e0 la radio ce dimanche 4 janvier 2004 - L&#039;\u00e9tincelle\" \/>\n<meta property=\"og:description\" content=\"A l&#8217;occasion de la sortie du livre &#8220;La conscience magique&#8221; aux Editions Substance, l&#8217;\u00e9mission radio &#8220;La pens\u00e9e et les hommes, penser c&#8217;est vivre&#8221; pr\u00e9sent\u00e9e par Thierry Genicot acceuille Athane Adrahane, le dimanche 4 janvier 2004 \u00e0 19h10 sur Musique 3, &hellip; Continue reading &rarr;\" \/>\n<meta property=\"og:url\" content=\"http:\/\/anomaltribu.com\/etincelle\/2004\/01\/02\/athane-adrahane-a-la-radio-ce-dimanche-4-janvier-2004\/\" \/>\n<meta property=\"og:site_name\" content=\"L&#039;\u00e9tincelle\" \/>\n<meta property=\"article:publisher\" content=\"https:\/\/www.facebook.com\/athaneadrahane\/\" \/>\n<meta property=\"article:published_time\" content=\"2004-01-02T13:40:22+00:00\" \/>\n<meta property=\"article:modified_time\" content=\"2013-04-13T21:44:13+00:00\" \/>\n<meta name=\"twitter:card\" content=\"summary_large_image\" \/>\n<script type=\"application\/ld+json\" class=\"yoast-schema-graph\">{\"@context\":\"https:\/\/schema.org\",\"@graph\":[{\"@type\":\"WebSite\",\"@id\":\"http:\/\/anomaltribu.com\/etincelle\/#website\",\"url\":\"http:\/\/anomaltribu.com\/etincelle\/\",\"name\":\"L&#039;\\u00e9tincelle\",\"description\":\"Le Journal de bord d&#039;Anomal Tribu\",\"potentialAction\":[{\"@type\":\"SearchAction\",\"target\":\"http:\/\/anomaltribu.com\/etincelle\/?s={search_term_string}\",\"query-input\":\"required name=search_term_string\"}],\"inLanguage\":\"en-US\"},{\"@type\":\"WebPage\",\"@id\":\"http:\/\/anomaltribu.com\/etincelle\/2004\/01\/02\/athane-adrahane-a-la-radio-ce-dimanche-4-janvier-2004\/#webpage\",\"url\":\"http:\/\/anomaltribu.com\/etincelle\/2004\/01\/02\/athane-adrahane-a-la-radio-ce-dimanche-4-janvier-2004\/\",\"name\":\"Athane Adrahane \\u00e0 la radio ce dimanche 4 janvier 2004 - L&#039;\\u00e9tincelle\",\"isPartOf\":{\"@id\":\"http:\/\/anomaltribu.com\/etincelle\/#website\"},\"datePublished\":\"2004-01-02T13:40:22+00:00\",\"dateModified\":\"2013-04-13T21:44:13+00:00\",\"author\":{\"@id\":\"http:\/\/anomaltribu.com\/etincelle\/#\/schema\/person\/3bbd93e0475cdfbd1065570dec02dc8c\"},\"breadcrumb\":{\"@id\":\"http:\/\/anomaltribu.com\/etincelle\/2004\/01\/02\/athane-adrahane-a-la-radio-ce-dimanche-4-janvier-2004\/#breadcrumb\"},\"inLanguage\":\"en-US\",\"potentialAction\":[{\"@type\":\"ReadAction\",\"target\":[\"http:\/\/anomaltribu.com\/etincelle\/2004\/01\/02\/athane-adrahane-a-la-radio-ce-dimanche-4-janvier-2004\/\"]}]},{\"@type\":\"BreadcrumbList\",\"@id\":\"http:\/\/anomaltribu.com\/etincelle\/2004\/01\/02\/athane-adrahane-a-la-radio-ce-dimanche-4-janvier-2004\/#breadcrumb\",\"itemListElement\":[{\"@type\":\"ListItem\",\"position\":1,\"item\":{\"@type\":\"WebPage\",\"@id\":\"http:\/\/anomaltribu.com\/etincelle\/\",\"url\":\"http:\/\/anomaltribu.com\/etincelle\/\",\"name\":\"Home\"}},{\"@type\":\"ListItem\",\"position\":2,\"item\":{\"@type\":\"WebPage\",\"@id\":\"http:\/\/anomaltribu.com\/etincelle\/2004\/01\/02\/athane-adrahane-a-la-radio-ce-dimanche-4-janvier-2004\/\",\"url\":\"http:\/\/anomaltribu.com\/etincelle\/2004\/01\/02\/athane-adrahane-a-la-radio-ce-dimanche-4-janvier-2004\/\",\"name\":\"Athane Adrahane \\u00e0 la radio ce dimanche 4 janvier 2004\"}}]},{\"@type\":\"Person\",\"@id\":\"http:\/\/anomaltribu.com\/etincelle\/#\/schema\/person\/3bbd93e0475cdfbd1065570dec02dc8c\",\"name\":\"Anomal Tribu\",\"image\":{\"@type\":\"ImageObject\",\"@id\":\"http:\/\/anomaltribu.com\/etincelle\/#personlogo\",\"inLanguage\":\"en-US\",\"url\":\"http:\/\/0.gravatar.com\/avatar\/98a50fa42caed003a6c2af3ad9853bdf?s=96&d=mm&r=g\",\"caption\":\"Anomal Tribu\"}}]}<\/script>\n<!-- \/ Yoast SEO plugin. -->","jetpack_featured_media_url":"","jetpack_likes_enabled":true,"jetpack_sharing_enabled":true,"_links":{"self":[{"href":"http:\/\/anomaltribu.com\/etincelle\/wp-json\/wp\/v2\/posts\/101"}],"collection":[{"href":"http:\/\/anomaltribu.com\/etincelle\/wp-json\/wp\/v2\/posts"}],"about":[{"href":"http:\/\/anomaltribu.com\/etincelle\/wp-json\/wp\/v2\/types\/post"}],"author":[{"embeddable":true,"href":"http:\/\/anomaltribu.com\/etincelle\/wp-json\/wp\/v2\/users\/1"}],"replies":[{"embeddable":true,"href":"http:\/\/anomaltribu.com\/etincelle\/wp-json\/wp\/v2\/comments?post=101"}],"version-history":[{"count":5,"href":"http:\/\/anomaltribu.com\/etincelle\/wp-json\/wp\/v2\/posts\/101\/revisions"}],"predecessor-version":[{"id":104,"href":"http:\/\/anomaltribu.com\/etincelle\/wp-json\/wp\/v2\/posts\/101\/revisions\/104"}],"wp:attachment":[{"href":"http:\/\/anomaltribu.com\/etincelle\/wp-json\/wp\/v2\/media?parent=101"}],"wp:term":[{"taxonomy":"category","embeddable":true,"href":"http:\/\/anomaltribu.com\/etincelle\/wp-json\/wp\/v2\/categories?post=101"},{"taxonomy":"post_tag","embeddable":true,"href":"http:\/\/anomaltribu.com\/etincelle\/wp-json\/wp\/v2\/tags?post=101"}],"curies":[{"name":"wp","href":"https:\/\/api.w.org\/{rel}","templated":true}]}}